{"id":5723,"date":"2025-06-12T13:17:41","date_gmt":"2025-06-12T11:17:41","guid":{"rendered":"https:\/\/sites.mm.ehb.be\/trm\/?p=5723"},"modified":"2025-06-12T13:17:41","modified_gmt":"2025-06-12T11:17:41","slug":"researcher-trainer-social-media-specialist-journalist-and-marketeer-at-trage-wegen-vzw-i-get-to-be-all-of-them","status":"publish","type":"post","link":"https:\/\/sites.mm.ehb.be\/trm\/2025\/06\/12\/researcher-trainer-social-media-specialist-journalist-and-marketeer-at-trage-wegen-vzw-i-get-to-be-all-of-them\/","title":{"rendered":"Researcher, trainer, social media specialist, journalist, and marketeer \u2013 at Trage Wegen Vzw, I get to be all of them!"},"content":{"rendered":"\n<p>For eight weeks, I\u2019m doing an internship at Trage Wegen Vzw. This is a recognized environmental organisation that advocates for all slow roads in Flanders. That might still sound a bit vague to you \u2013 it certainly did to me at first \u2013 but it immediately sparked my interest. Now that I\u2019m already halfway through my internship, I have a much clearer picture of what goes on at Trage Wegen Vzw. In this blog, I\u2019d like to give you a glimpse into my internship experience.<\/p>\n\n\n\n<p>Throughout the internship, I\u2019m shadowing Hanne. She has various responsibilities within the organisation, which allows me to get involved in different types of projects. From the start, I was included in the &#8220;Mobimaatwerkers&#8221; project in Oosterzele. In this project, we conduct research on local mobility and explore how to encourage residents to choose bicycles more often for functional trips (instead of using their cars). I attended online meetings with the municipality and participated in neighborhood research. This allowed us to experience firsthand how mobility is functioning in Oosterzele, and we spoke to residents to gather their opinions. Soon, we\u2019ll be organizing a focus group with local residents and the municipality to explore this topic more deeply. So, I was able to go out into the field, but I also worked on this project from the office \u2013 for example, by processing interview data and mapping it out on a geographic map.<\/p>\n\n\n<div class=\"wp-block-image\">\n<figure class=\"aligncenter size-large is-resized\"><img loading=\"lazy\" decoding=\"async\" width=\"1024\" height=\"1007\" src=\"https:\/\/sites.mm.ehb.be\/trm\/wp-content\/uploads\/sites\/111\/2025\/06\/IMG_5063-1-1024x1007.jpg\" alt=\"\" class=\"wp-image-5729\" style=\"width:534px;height:auto\" srcset=\"https:\/\/sites.mm.ehb.be\/trm\/wp-content\/uploads\/sites\/111\/2025\/06\/IMG_5063-1-1024x1007.jpg 1024w, https:\/\/sites.mm.ehb.be\/trm\/wp-content\/uploads\/sites\/111\/2025\/06\/IMG_5063-1-300x295.jpg 300w, https:\/\/sites.mm.ehb.be\/trm\/wp-content\/uploads\/sites\/111\/2025\/06\/IMG_5063-1-768x756.jpg 768w, https:\/\/sites.mm.ehb.be\/trm\/wp-content\/uploads\/sites\/111\/2025\/06\/IMG_5063-1-1536x1511.jpg 1536w, https:\/\/sites.mm.ehb.be\/trm\/wp-content\/uploads\/sites\/111\/2025\/06\/IMG_5063-1-2048x2015.jpg 2048w, https:\/\/sites.mm.ehb.be\/trm\/wp-content\/uploads\/sites\/111\/2025\/06\/IMG_5063-1-1200x1181.jpg 1200w, https:\/\/sites.mm.ehb.be\/trm\/wp-content\/uploads\/sites\/111\/2025\/06\/IMG_5063-1-24x24.jpg 24w, https:\/\/sites.mm.ehb.be\/trm\/wp-content\/uploads\/sites\/111\/2025\/06\/IMG_5063-1-48x48.jpg 48w\" sizes=\"auto, (max-width: 709px) 85vw, (max-width: 909px) 67vw, (max-width: 1362px) 62vw, 840px\" \/><\/figure>\n<\/div>\n\n\n<p>En plus de cela, j\u2019ai d\u00e9j\u00e0 eu l\u2019occasion de participer au lancement de l\u2019inventaire des chemins lents \u00e0 Gistel, \u00e0 une journ\u00e9e d\u2019inspiration sur la mobilit\u00e9 durable, ainsi qu\u2019\u00e0 une promenade le long de l\u2019Escaut. Comme vous pouvez le constater, le stage est tr\u00e8s vari\u00e9 ! Bien s\u00fbr, il y a aussi de nombreuses journ\u00e9es que je passe au bureau, o\u00f9 je travaille sur des t\u00e2ches plus petites comme cr\u00e9er publications pour les r\u00e9seaux sociaux, la r\u00e9daction de blogs ou la participation \u00e0 des r\u00e9unions avec diff\u00e9rents groupes de travail. Je peux \u00e9galement contribuer \u00e0 la campagne pour la Semaine de la Mobilit\u00e9. Ce sont tous des projets que je soutiens personnellement, ce qui m\u2019aide \u00e9norm\u00e9ment \u00e0 commencer chaque journ\u00e9e de stage avec motivation.<\/p>\n\n\n\n<p>Comme vous l\u2019avez peut-\u00eatre devin\u00e9, ce stage est pour moi une tr\u00e8s belle opportunit\u00e9. Je viens chaque jour avec plaisir, et toutes les personnes qui travaillent ici sont super sympathiques et toujours pr\u00eates \u00e0 m\u2019aider. Je recommanderais donc sans h\u00e9siter ce lieu \u00e0 toute personne \u00e0 la recherche d\u2019un stage actif, vari\u00e9, et ax\u00e9 sur des projets durables et socialement pertinents.<\/p>\n\n\n\n<p>Bient\u00f4t aura \u00e9galement lieu \u201cDe Dag van de Trage Weg\u201d, une campagne qui se d\u00e9roule chaque ann\u00e9e en octobre. Je travaille aussi dans les coulisses sur cet \u00e9v\u00e9nement (comme la mise \u00e0 jour du site web, par exemple). Par la pr\u00e9sente, j\u2019invite tout le monde \u00e0 participer \u00e0 une activit\u00e9 organis\u00e9e pr\u00e8s de chez vous !<\/p>\n\n\n<div class=\"wp-block-image\">\n<figure class=\"aligncenter size-large is-resized\"><img loading=\"lazy\" decoding=\"async\" width=\"1024\" height=\"785\" src=\"https:\/\/sites.mm.ehb.be\/trm\/wp-content\/uploads\/sites\/111\/2025\/06\/Liggend_DTW25-5-1024x785.jpg\" alt=\"\" class=\"wp-image-5731\" style=\"width:428px;height:auto\" srcset=\"https:\/\/sites.mm.ehb.be\/trm\/wp-content\/uploads\/sites\/111\/2025\/06\/Liggend_DTW25-5-1024x785.jpg 1024w, https:\/\/sites.mm.ehb.be\/trm\/wp-content\/uploads\/sites\/111\/2025\/06\/Liggend_DTW25-5-300x230.jpg 300w, https:\/\/sites.mm.ehb.be\/trm\/wp-content\/uploads\/sites\/111\/2025\/06\/Liggend_DTW25-5-768x589.jpg 768w, https:\/\/sites.mm.ehb.be\/trm\/wp-content\/uploads\/sites\/111\/2025\/06\/Liggend_DTW25-5-1536x1177.jpg 1536w, https:\/\/sites.mm.ehb.be\/trm\/wp-content\/uploads\/sites\/111\/2025\/06\/Liggend_DTW25-5-1200x920.jpg 1200w, https:\/\/sites.mm.ehb.be\/trm\/wp-content\/uploads\/sites\/111\/2025\/06\/Liggend_DTW25-5.jpg 2000w\" sizes=\"auto, (max-width: 709px) 85vw, (max-width: 909px) 67vw, (max-width: 1362px) 62vw, 840px\" \/><\/figure>\n<\/div>\n\n\n<p>Et n\u2019oubliez pas : continuez \u00e0 marcher et \u00e0 faire du v\u00e9lo, hein !<\/p>\n","protected":false},"excerpt":{"rendered":"<p>Curious about what an internship at Trage Wegen Vzw is like? Then be sure to read this blog post! Here, I will give an explanation about the content of my internship.<\/p>\n","protected":false},"author":916,"featured_media":5725,"comment_status":"open","ping_status":"open","sticky":false,"template":"","format":"standard","meta":{"jetpack_post_was_ever_published":false,"_jetpack_newsletter_access":"","_jetpack_dont_email_post_to_subs":true,"_jetpack_newsletter_tier_id":0,"_jetpack_memberships_contains_paywalled_content":false,"_jetpack_memberships_contains_paid_content":false,"footnotes":"","jetpack_publicize_message":"","jetpack_publicize_feature_enabled":true,"jetpack_social_post_already_shared":true,"jetpack_social_options":{"image_generator_settings":{"template":"highway","default_image_id":0,"font":"","enabled":false},"version":2}},"categories":[9],"tags":[],"class_list":["post-5723","post","type-post","status-publish","format-standard","has-post-thumbnail","hentry","category-stage"],"jetpack_publicize_connections":[],"jetpack_featured_media_url":"https:\/\/sites.mm.ehb.be\/trm\/wp-content\/uploads\/sites\/111\/2025\/06\/Landskouter-fietsen-aan-kleuterschool-1.jpg","jetpack_sharing_enabled":true,"jetpack_shortlink":"https:\/\/wp.me\/pavQFa-1uj","_links":{"self":[{"href":"https:\/\/sites.mm.ehb.be\/trm\/wp-json\/wp\/v2\/posts\/5723","targetHints":{"allow":["GET"]}}],"collection":[{"href":"https:\/\/sites.mm.ehb.be\/trm\/wp-json\/wp\/v2\/posts"}],"about":[{"href":"https:\/\/sites.mm.ehb.be\/trm\/wp-json\/wp\/v2\/types\/post"}],"author":[{"embeddable":true,"href":"https:\/\/sites.mm.ehb.be\/trm\/wp-json\/wp\/v2\/users\/916"}],"replies":[{"embeddable":true,"href":"https:\/\/sites.mm.ehb.be\/trm\/wp-json\/wp\/v2\/comments?post=5723"}],"version-history":[{"count":4,"href":"https:\/\/sites.mm.ehb.be\/trm\/wp-json\/wp\/v2\/posts\/5723\/revisions"}],"predecessor-version":[{"id":5735,"href":"https:\/\/sites.mm.ehb.be\/trm\/wp-json\/wp\/v2\/posts\/5723\/revisions\/5735"}],"wp:featuredmedia":[{"embeddable":true,"href":"https:\/\/sites.mm.ehb.be\/trm\/wp-json\/wp\/v2\/media\/5725"}],"wp:attachment":[{"href":"https:\/\/sites.mm.ehb.be\/trm\/wp-json\/wp\/v2\/media?parent=5723"}],"wp:term":[{"taxonomy":"category","embeddable":true,"href":"https:\/\/sites.mm.ehb.be\/trm\/wp-json\/wp\/v2\/categories?post=5723"},{"taxonomy":"post_tag","embeddable":true,"href":"https:\/\/sites.mm.ehb.be\/trm\/wp-json\/wp\/v2\/tags?post=5723"}],"curies":[{"name":"wp","href":"https:\/\/api.w.org\/{rel}","templated":true}]}}