{"id":4511,"date":"2023-08-16T07:28:48","date_gmt":"2023-08-16T05:28:48","guid":{"rendered":"https:\/\/sites.mm.ehb.be\/trm\/?p=4511"},"modified":"2023-08-16T07:28:48","modified_gmt":"2023-08-16T05:28:48","slug":"van-de-1ste-editie-couleur-cafe-club-tot-joey-bada","status":"publish","type":"post","link":"https:\/\/sites.mm.ehb.be\/trm\/2023\/08\/16\/van-de-1ste-editie-couleur-cafe-club-tot-joey-bada\/","title":{"rendered":"Van de 1ste editie Couleur Caf\u00e9 club tot  Joey Bada$$"},"content":{"rendered":"\n<p>As the internship period as Volunteer Coordinator at Couleur Caf\u00e9 2023 comes to an end, I would like to express my sincere gratitude to my supervisor, Wouter, and the entire Couleur Caf\u00e9 family. This internship was an unforgettable experience full of inspiration, collaboration and musical highlights. Here I would like to share some of the special moments that made my time at Couleur Caf\u00e9 so special.<\/p>\n\n\n\n<p>Een van de hoogtepunten van mijn stage was het helpen opbouwen van de allereerste Couleur Caf\u00e9 Club. Het was een waar genoegen om deel uit te maken van dit project en te zien hoe het uitgroeide van een idee tot een dynamische plek waar mensen samenkomen om naar muziek te luisteren en te socializen. Het was een geweldige ervaring om te zien hoe het harde werk van het hele team tot leven kwam in deze unieke locatie in Club Buda.<\/p>\n\n\n\n<p>Fin mai a eu lieu la soir\u00e9e Track, un rassemblement festif pour tous les sponsors et membres de Couleur Caf\u00e9 avec un concert de Romeo Elvis. Ce fut l&#8217;occasion de c\u00e9l\u00e9brer les r\u00e9ussites, de mieux se conna\u00eetre et de renforcer les liens \u00e9troits qui unissent la communaut\u00e9 Couleur Caf\u00e9. Il \u00e9tait r\u00e9confortant de voir comment des personnes d&#8217;horizons et de disciplines diff\u00e9rents se sont fondues en une famille soud\u00e9e.<\/p>\n\n\n\n<p>One of the highlights of the festival was the closing performance by JoeyBada$$. His energy and talent on stage were truly impressive and I thoroughly enjoyed his performance as a fan. It was great to be part of an event where world-class artists mesmerized the audience with their music.<\/p>\n\n\n\n<p>Als Co\u00f6rdinator Vrijwilligers was ik gezegend met de begeleiding van Wouter, mijn stagementor. Zijn kennis, geduld en vertrouwen hebben me enorm geholpen bij mijn ontwikkeling tijdens deze stage. Bedankt, Wouter, voor je constante ondersteuning en inspiratie. Ik waardeer de kansen die ik kreeg om te leren en te groeien onder jouw leiderschap. Graag zou ik ook alle vrijwilligers willen bedanken die hebben deelgenomen dit jaar. Jullie zijn medeverantwoordelijk voor het goede verloop van Couleur Caf\u00e9 2023 waarbij er meer dan 70.000 bezoekers aanwezig waren. Nogmaals dikke merci!<\/p>\n\n\n\n<p>Je tiens \u00e9galement \u00e0 remercier toute la famille Couleur Caf\u00e9. Votre accueil chaleureux, votre enthousiasme et votre travail d&#8217;\u00e9quipe ont vraiment rendu cette p\u00e9riode de stage inoubliable. Vous m&#8217;avez fait sentir que je faisais partie de quelque chose de sp\u00e9cial, et je ch\u00e9rirai ces souvenirs pour toujours. <\/p>\n\n\n\n<p><\/p>\n\n\n\n<p><\/p>\n","protected":false},"excerpt":{"rendered":"<p>Ontdek mijn onvergetelijke stage bij Couleur Caf\u00e9 2023, waarbij hoogtepunten zoals het spetterende optreden van Joey Bada$$ en mijn betrokkenheid bij de oprichting van de geweldige Couleur Caf\u00e9 Club centraal stonden.<\/p>\n","protected":false},"author":746,"featured_media":4513,"comment_status":"open","ping_status":"open","sticky":false,"template":"","format":"standard","meta":{"jetpack_post_was_ever_published":false,"_jetpack_newsletter_access":"","_jetpack_dont_email_post_to_subs":false,"_jetpack_newsletter_tier_id":0,"_jetpack_memberships_contains_paywalled_content":false,"_jetpack_memberships_contains_paid_content":false,"footnotes":"","jetpack_publicize_message":"","jetpack_publicize_feature_enabled":true,"jetpack_social_post_already_shared":true,"jetpack_social_options":{"image_generator_settings":{"template":"highway","default_image_id":0,"font":"","enabled":false},"version":2}},"categories":[9],"tags":[184,31],"class_list":["post-4511","post","type-post","status-publish","format-standard","has-post-thumbnail","hentry","category-stage","tag-couleur-cafe-2","tag-stage"],"jetpack_publicize_connections":[],"jetpack_featured_media_url":"https:\/\/sites.mm.ehb.be\/trm\/wp-content\/uploads\/sites\/111\/2023\/07\/pro-qTiDGMME.jpeg","jetpack_sharing_enabled":true,"jetpack_shortlink":"https:\/\/wp.me\/pavQFa-1aL","_links":{"self":[{"href":"https:\/\/sites.mm.ehb.be\/trm\/wp-json\/wp\/v2\/posts\/4511","targetHints":{"allow":["GET"]}}],"collection":[{"href":"https:\/\/sites.mm.ehb.be\/trm\/wp-json\/wp\/v2\/posts"}],"about":[{"href":"https:\/\/sites.mm.ehb.be\/trm\/wp-json\/wp\/v2\/types\/post"}],"author":[{"embeddable":true,"href":"https:\/\/sites.mm.ehb.be\/trm\/wp-json\/wp\/v2\/users\/746"}],"replies":[{"embeddable":true,"href":"https:\/\/sites.mm.ehb.be\/trm\/wp-json\/wp\/v2\/comments?post=4511"}],"version-history":[{"count":3,"href":"https:\/\/sites.mm.ehb.be\/trm\/wp-json\/wp\/v2\/posts\/4511\/revisions"}],"predecessor-version":[{"id":4518,"href":"https:\/\/sites.mm.ehb.be\/trm\/wp-json\/wp\/v2\/posts\/4511\/revisions\/4518"}],"wp:featuredmedia":[{"embeddable":true,"href":"https:\/\/sites.mm.ehb.be\/trm\/wp-json\/wp\/v2\/media\/4513"}],"wp:attachment":[{"href":"https:\/\/sites.mm.ehb.be\/trm\/wp-json\/wp\/v2\/media?parent=4511"}],"wp:term":[{"taxonomy":"category","embeddable":true,"href":"https:\/\/sites.mm.ehb.be\/trm\/wp-json\/wp\/v2\/categories?post=4511"},{"taxonomy":"post_tag","embeddable":true,"href":"https:\/\/sites.mm.ehb.be\/trm\/wp-json\/wp\/v2\/tags?post=4511"}],"curies":[{"name":"wp","href":"https:\/\/api.w.org\/{rel}","templated":true}]}}