{"id":2620,"date":"2022-06-07T14:52:02","date_gmt":"2022-06-07T12:52:02","guid":{"rendered":"https:\/\/sites.mm.ehb.be\/trm\/?p=2620"},"modified":"2025-06-17T09:58:54","modified_gmt":"2025-06-17T07:58:54","slug":"een-twee-riebedebie","status":"publish","type":"post","link":"https:\/\/sites.mm.ehb.be\/trm\/2022\/06\/07\/een-twee-riebedebie\/","title":{"rendered":"E\u00e9n, twee, Riebedebie"},"content":{"rendered":"\n<p class=\"has-text-align-left\">La palabra \u201cRiebedebie\u201d nos sue\u00f1a bastante desconocida en la lengua castellana y los idiomas extranjeros dem\u00e1s. Sin embargo es una expresi\u00f3n popular en la jerga flamenca. Con la cual se refiere a una <em>salida<\/em>. Se la puede traducir literalmente por <em>nos vamos<\/em>. Riebedebie tambi\u00e9n es el nombre de la associaci\u00f3n sectorial en la que hago mis pr\u00e1cticas. Representamos las principales atracciones (parques de atracciones,museos, etc.) en Flandres y Bruselas. De forma reunida se tiene m\u00e1s peso y se puede act\u00faar con m\u00e1s eficacia. Para evaluar el a\u00f1o anterior y echar un vistazo al futuro organiz\u00e1mos una jornada de los socios. El jard\u00edn bot\u00e1nico de Meise fue el ambiente suntuoso del evento. En ese ensayo os cuento m\u00e1s sobre ese d\u00eda y mis tareas como pasante.<\/p>\n\n\n\n<figure class=\"wp-block-image size-large is-resized\"><img loading=\"lazy\" decoding=\"async\" width=\"1024\" height=\"870\" src=\"https:\/\/sites.mm.ehb.be\/trm\/wp-content\/uploads\/sites\/111\/2022\/03\/Kasteel-plantentuin-1-1024x870.jpg\" alt=\"\" class=\"wp-image-2623\" style=\"width:614px;height:521px\" srcset=\"https:\/\/sites.mm.ehb.be\/trm\/wp-content\/uploads\/sites\/111\/2022\/03\/Kasteel-plantentuin-1-1024x870.jpg 1024w, https:\/\/sites.mm.ehb.be\/trm\/wp-content\/uploads\/sites\/111\/2022\/03\/Kasteel-plantentuin-1-300x255.jpg 300w, https:\/\/sites.mm.ehb.be\/trm\/wp-content\/uploads\/sites\/111\/2022\/03\/Kasteel-plantentuin-1-768x652.jpg 768w, https:\/\/sites.mm.ehb.be\/trm\/wp-content\/uploads\/sites\/111\/2022\/03\/Kasteel-plantentuin-1-1536x1304.jpg 1536w, https:\/\/sites.mm.ehb.be\/trm\/wp-content\/uploads\/sites\/111\/2022\/03\/Kasteel-plantentuin-1-2048x1739.jpg 2048w, https:\/\/sites.mm.ehb.be\/trm\/wp-content\/uploads\/sites\/111\/2022\/03\/Kasteel-plantentuin-1-1200x1019.jpg 1200w\" sizes=\"auto, (max-width: 709px) 85vw, (max-width: 909px) 67vw, (max-width: 1362px) 62vw, 840px\" \/><figcaption class=\"wp-element-caption\">Plantentuin en Kasteel van Boechout, locatie voor de ledendag 2022 \u00aeLars Van Dijck<\/figcaption><\/figure>\n\n\n\n<p>Op het ritme van de opkomende zon fietste ik naar het naburige Meise. De dag voordien had ik al meegeholpen met de opbouw van het evenement. Net zoals gisteren beloofde vandaag ook een intense dag te worden. Samen met mijn collega\u2019s, begonnen we al vroeg het materiaal op te stellen. Niet veel later arriveerden de eersten gasten. Mijn taak was om hun aanwezigheid te registreren. Daarnaast stond er ook een \u201cwelkomsontbijt\u201d op het programma. Op deze manier kon ik kennis maken met enkele van onze <em>Riebedebie-partners<\/em>. Vervolgens werden naar de centrale zaal geroepen en zo kon de leden echt van start gaan.<\/p>\n\n\n\n<p>En la entrada de la sala central, recibieron unos folletos con unas informaciones importantes los socios. Estos documentos supon\u00edan clave para poder seguir la sesi\u00f3n. Estaba encargado de distribuirselos. La sesi\u00f3n empez\u00f3 con un asunto s\u00e9rio, la asamblea de miembros. Ensegu\u00edda hab\u00eda unas ponencias m\u00e1s ligeras. Una de ellas fue la de <em>Iedereen verdient vakantie<\/em> (Todos merecen unas vacaciones). Una iniciativa que merece la pena ya que no nos podemos olvidar de los m\u00e1s vunerables en la sociedad. El mensaje del discurso fue que hace y har\u00e1 falta que se sigan hacer posible vacaciones para la sociedad entera.<\/p>\n\n\n\n<figure class=\"wp-block-image size-large is-resized\"><img loading=\"lazy\" decoding=\"async\" width=\"1024\" height=\"936\" src=\"https:\/\/sites.mm.ehb.be\/trm\/wp-content\/uploads\/sites\/111\/2022\/03\/plantentuin-sessie-1024x936.jpg\" alt=\"\" class=\"wp-image-2624\" style=\"width:569px;height:520px\" srcset=\"https:\/\/sites.mm.ehb.be\/trm\/wp-content\/uploads\/sites\/111\/2022\/03\/plantentuin-sessie-1024x936.jpg 1024w, https:\/\/sites.mm.ehb.be\/trm\/wp-content\/uploads\/sites\/111\/2022\/03\/plantentuin-sessie-300x274.jpg 300w, https:\/\/sites.mm.ehb.be\/trm\/wp-content\/uploads\/sites\/111\/2022\/03\/plantentuin-sessie-768x702.jpg 768w, https:\/\/sites.mm.ehb.be\/trm\/wp-content\/uploads\/sites\/111\/2022\/03\/plantentuin-sessie-1536x1404.jpg 1536w, https:\/\/sites.mm.ehb.be\/trm\/wp-content\/uploads\/sites\/111\/2022\/03\/plantentuin-sessie-2048x1872.jpg 2048w, https:\/\/sites.mm.ehb.be\/trm\/wp-content\/uploads\/sites\/111\/2022\/03\/plantentuin-sessie-1200x1097.jpg 1200w\" sizes=\"auto, (max-width: 709px) 85vw, (max-width: 909px) 67vw, (max-width: 1362px) 62vw, 840px\" \/><figcaption class=\"wp-element-caption\">Lezing tijdens ledendag 2022 \u00ae Lars Van Dijck<\/figcaption><\/figure>\n\n\n\n<p>Na een reeks van verschillende presentaties was het tijd voor een korte pauze. Toch betekende de pauze geen rust voor mij: ik moest nog de paspoorten verdelen. Achteraan in de zaal hadden we een toonbank ge\u00efnstalleerd. Hier konden de leden hun paspoorten komen ophalen. Met zulk paspoort krijgt men korting bij verschillende attracties in heel Belgi\u00eb. Wederom was ik de verdeler van dienst.<\/p>\n\n\n\n<p>Despu\u00e9s de la pausa, reanudaron las ponencias. <strong>Peter De Wilde<\/strong>, secretario general de Toerisme Vlaanderen (Turismo Flandres), tuvo la \u00faltima palabra. Con su convincente discurso sobre el turismo del futuro se clausur\u00f3 la jornada. Sin embargo, para mi todav\u00eda no se hab\u00eda acabado el trabajo. A\u00fan tocaba arreglar la sala y el material dem\u00e1s. Como recuerdo de ese d\u00eda, les regal\u00e1mos unas bolsas t\u00e9rmicas a los socios.<\/p>\n\n\n\n<p>De ledendag werd heel positief onthaald. Maar Riebedebie staat ook de andere dagen van het jaar klaar voor haar leden. Het succes van de organisatie is het resultaat van voortdurend en nauw samen te werken met alle partners. Wanneer de zaal en het materiaal opgeruimd waren, keerde ik terug naar huis. Dit keer wel op het ritme van de neerdalende zon.<\/p>\n\n\n\n<p>Espero que les haya gustado esta redacci\u00f3n. Ojal\u00e1 sep\u00e1is ahora lo que representa nuestra organizaci\u00f3n y hay\u00e1is aprendido el significado de la palabra Riebedebie. S\u00f3lo me queda una cosa por hacer, recomendaros que visit\u00e9is una de nuestras atractiones (V\u00e9ase la lista: <a href=\"https:\/\/www.riebedebie.be\/nl\/attracties\">Attracties &amp; musea | riebedebie.be<\/a>). P\u00faes salgamos a descubrirlas o en holand\u00e9s: <strong>\u00e9\u00e9n, twee, Riebedebie<\/strong>.<\/p>\n\n\n\n<figure class=\"wp-block-image size-full is-resized\"><img loading=\"lazy\" decoding=\"async\" width=\"1024\" height=\"629\" src=\"https:\/\/sites.mm.ehb.be\/trm\/wp-content\/uploads\/sites\/111\/2022\/03\/riebedebie-logo-1.jpg\" alt=\"\" class=\"wp-image-2626\" style=\"width:503px;height:308px\" srcset=\"https:\/\/sites.mm.ehb.be\/trm\/wp-content\/uploads\/sites\/111\/2022\/03\/riebedebie-logo-1.jpg 1024w, https:\/\/sites.mm.ehb.be\/trm\/wp-content\/uploads\/sites\/111\/2022\/03\/riebedebie-logo-1-300x184.jpg 300w, https:\/\/sites.mm.ehb.be\/trm\/wp-content\/uploads\/sites\/111\/2022\/03\/riebedebie-logo-1-768x472.jpg 768w\" sizes=\"auto, (max-width: 709px) 85vw, (max-width: 909px) 67vw, (max-width: 1362px) 62vw, 840px\" \/><\/figure>\n\n\n\n<p><\/p>\n","protected":false},"excerpt":{"rendered":"<p>\u00a1Hola chicos! \u00bfLa palabra &#8220;Riebedebie&#8221; os provoca unas preguntas o risas en el rostro?Entonces este art\u00edculo ser\u00e1 para vosotros. \u00a1Leedlo y descubrid su significado!<\/p>\n<p>Hey! Brengt het woord &#8220;Riebedebie&#8221; een paar vragen of een lach op je gezicht?Dan is dit artikel voor jou. Lees het en ontdek wat het betekent.<\/p>\n","protected":false},"author":753,"featured_media":2626,"comment_status":"open","ping_status":"open","sticky":false,"template":"","format":"standard","meta":{"jetpack_post_was_ever_published":false,"_jetpack_newsletter_access":"","_jetpack_dont_email_post_to_subs":false,"_jetpack_newsletter_tier_id":0,"_jetpack_memberships_contains_paywalled_content":false,"_jetpack_memberships_contains_paid_content":false,"footnotes":"","jetpack_publicize_message":"","jetpack_publicize_feature_enabled":true,"jetpack_social_post_already_shared":true,"jetpack_social_options":{"image_generator_settings":{"template":"highway","default_image_id":0,"font":"","enabled":false},"version":2}},"categories":[9],"tags":[23,105,31],"class_list":["post-2620","post","type-post","status-publish","format-standard","has-post-thumbnail","hentry","category-stage","tag-internship","tag-riebedebie","tag-stage"],"jetpack_publicize_connections":[],"jetpack_featured_media_url":"https:\/\/sites.mm.ehb.be\/trm\/wp-content\/uploads\/sites\/111\/2022\/03\/riebedebie-logo-1.jpg","jetpack_sharing_enabled":true,"jetpack_shortlink":"https:\/\/wp.me\/pavQFa-Gg","_links":{"self":[{"href":"https:\/\/sites.mm.ehb.be\/trm\/wp-json\/wp\/v2\/posts\/2620","targetHints":{"allow":["GET"]}}],"collection":[{"href":"https:\/\/sites.mm.ehb.be\/trm\/wp-json\/wp\/v2\/posts"}],"about":[{"href":"https:\/\/sites.mm.ehb.be\/trm\/wp-json\/wp\/v2\/types\/post"}],"author":[{"embeddable":true,"href":"https:\/\/sites.mm.ehb.be\/trm\/wp-json\/wp\/v2\/users\/753"}],"replies":[{"embeddable":true,"href":"https:\/\/sites.mm.ehb.be\/trm\/wp-json\/wp\/v2\/comments?post=2620"}],"version-history":[{"count":5,"href":"https:\/\/sites.mm.ehb.be\/trm\/wp-json\/wp\/v2\/posts\/2620\/revisions"}],"predecessor-version":[{"id":5957,"href":"https:\/\/sites.mm.ehb.be\/trm\/wp-json\/wp\/v2\/posts\/2620\/revisions\/5957"}],"wp:featuredmedia":[{"embeddable":true,"href":"https:\/\/sites.mm.ehb.be\/trm\/wp-json\/wp\/v2\/media\/2626"}],"wp:attachment":[{"href":"https:\/\/sites.mm.ehb.be\/trm\/wp-json\/wp\/v2\/media?parent=2620"}],"wp:term":[{"taxonomy":"category","embeddable":true,"href":"https:\/\/sites.mm.ehb.be\/trm\/wp-json\/wp\/v2\/categories?post=2620"},{"taxonomy":"post_tag","embeddable":true,"href":"https:\/\/sites.mm.ehb.be\/trm\/wp-json\/wp\/v2\/tags?post=2620"}],"curies":[{"name":"wp","href":"https:\/\/api.w.org\/{rel}","templated":true}]}}