{"id":2301,"date":"2021-06-23T16:36:23","date_gmt":"2021-06-23T14:36:23","guid":{"rendered":"https:\/\/sites.mm.ehb.be\/trm\/?p=2301"},"modified":"2021-06-23T16:36:23","modified_gmt":"2021-06-23T14:36:23","slug":"connaissez-vous-bruxelles-non-peut-etre","status":"publish","type":"post","link":"https:\/\/sites.mm.ehb.be\/trm\/2021\/06\/23\/connaissez-vous-bruxelles-non-peut-etre\/","title":{"rendered":"Connaissez-vous Bruxelles ?  Non peut-\u00eatre?!"},"content":{"rendered":"\n<p>Ik ben Lo\u00efc, 23 jaar en geboren in Brussel. Na 3 jaar gestudeerd te hebben in Brussel, wilde ik \u2018BXL\u2019 toch nog beter kennen en vooral mijn Frans perfectioneren. Ik besloot mijn stage te doen bij het bekende Visit.brussels. Ik ben er verantwoordelijk voor de Expo \u2018Experience Brussels\u2019, een expo over Brussel in zijn geheel, de geschiedenis, de inwoners, de gemeentes en Brussel op internationaal vlak. Ik neem er de reservaties aan, verwelkom de bezoekers in drie verschillende talen, ontvang groepen en veel meer. Daarnaast sta ik ongeveer de helft van mijn stage in het Toeristisch kantoor op de grote markt, waar ik veel enthousiasme toeristen en landgenoten de weg wijs.<\/p>\n\n\n\n<figure class=\"wp-block-pullquote is-style-default\"><blockquote><p>J&#8217;ai eu la responsabilit\u00e9 de faire la brochure en 3 langues diff\u00e9rentes et de m&#8217;occuper de la mise en page<\/p><cite>Loic Gryspeirt<\/cite><\/blockquote><\/figure>\n\n\n\n<p><\/p>\n\n\n\n<p>Le 6 mai, en collaboration avec le Belvuemuseum, nous avons organis\u00e9 une activit\u00e9 pour la population de Bruxelles. Les visiteurs devaient r\u00e9pondre \u00e0 des questions dans un petit livre. Les r\u00e9ponses de la premi\u00e8re partie du livret se trouvaient au BelvueMuseum, juste en face de notre exposition. Ensuite, ils ont d\u00fb r\u00e9soudre quelques questions sur la Place Royale avant de commencer la deuxi\u00e8me partie de notre expo. J&#8217;ai eu la responsabilit\u00e9 de faire la brochure en 3 langues diff\u00e9rentes et de m&#8217;occuper de la mise en page. C&#8217;\u00e9tait des jours passionnants et faire un livret aussi cr\u00e9atif est plus difficile que pr\u00e9vu. Heureusement, j&#8217;avais d\u00e9j\u00e0 utilis\u00e9 le programme Canva au cours de ma formation dans le domaine de la communication professionnelle.<\/p>\n\n\n\n<p>De dag zelf was spannend. Ik moest om 14u10 ter plaatse zijn. De eerste gasten zouden aankomen rond 17u30 nadat ze het eerste deel hebben afgewerkt. Drie uur lang heb ik samen met Alan en Mairon, mijn 2 collega\u2019s, alles voorbereid. De bezoekers werden ontvangen aan de ingang, kregen de mogelijkheid om hun jas uit te doen en werden naar de lift geleid. Eens aangekomen kregen ze een kleine introductie over onze expo, losten ze de vragen op en kreeg elke persoon een klein cadeautje. Het was een succes, zo een 40 tal mensen zijn komen opdagen , wat toch veel is in deze coronatijden.<\/p>\n\n\n\n<p>Apr\u00e8s la fermeture de l&#8217;expo, j&#8217;ai re\u00e7u un ch\u00e8que pour rentrer chez moi en taxi \u00e0 cause du couvre-feu. Quelle belle \u00e9quipe.<\/p>\n\n\n\n<p>Kom zeker eens langs, als je meer over Brussel te weten wil komen!<\/p>\n\n\n\n<p>Tot snel, Lo\u00efc.<\/p>\n\n\n\n<figure class=\"wp-block-image size-large is-resized is-style-default\"><img loading=\"lazy\" decoding=\"async\" src=\"https:\/\/sites.mm.ehb.be\/trm\/wp-content\/uploads\/sites\/111\/2021\/06\/200997449_170507171623895_1823005494177431033_n-2-1024x718.jpg\" alt=\"\" class=\"wp-image-2308\" width=\"606\" height=\"364\" \/><\/figure>\n\n\n\n<figure class=\"wp-block-image size-large is-resized is-style-default\"><img loading=\"lazy\" decoding=\"async\" src=\"https:\/\/sites.mm.ehb.be\/trm\/wp-content\/uploads\/sites\/111\/2021\/06\/loic-grote-markt-768x1024.jpg\" alt=\"\" class=\"wp-image-2309\" width=\"640\" height=\"853\" srcset=\"https:\/\/sites.mm.ehb.be\/trm\/wp-content\/uploads\/sites\/111\/2021\/06\/loic-grote-markt-768x1024.jpg 768w, https:\/\/sites.mm.ehb.be\/trm\/wp-content\/uploads\/sites\/111\/2021\/06\/loic-grote-markt-225x300.jpg 225w, https:\/\/sites.mm.ehb.be\/trm\/wp-content\/uploads\/sites\/111\/2021\/06\/loic-grote-markt-1152x1536.jpg 1152w, https:\/\/sites.mm.ehb.be\/trm\/wp-content\/uploads\/sites\/111\/2021\/06\/loic-grote-markt-1200x1600.jpg 1200w, https:\/\/sites.mm.ehb.be\/trm\/wp-content\/uploads\/sites\/111\/2021\/06\/loic-grote-markt.jpg 1536w\" sizes=\"auto, (max-width: 709px) 85vw, (max-width: 909px) 67vw, (max-width: 984px) 61vw, (max-width: 1362px) 45vw, 600px\" \/><\/figure>\n","protected":false},"excerpt":{"rendered":"<p>Ik ben Lo\u00efc, 23 jaar en geboren in Brussel. Na 3 jaar gestudeerd te hebben in Brussel, wilde ik \u2018BXL\u2019 toch nog beter kennen en vooral mijn Frans perfectioneren. Ik besloot mijn stage te doen bij het bekende Visit.brussels. Ik ben er verantwoordelijk voor de Expo \u2018Experience Brussels\u2019, een expo over Brussel in zijn geheel, &hellip; <a href=\"https:\/\/sites.mm.ehb.be\/trm\/2021\/06\/23\/connaissez-vous-bruxelles-non-peut-etre\/\" class=\"more-link\">Lees verder <span class=\"screen-reader-text\">&#8220;Connaissez-vous Bruxelles ?  Non peut-\u00eatre?!&#8221;<\/span><\/a><\/p>\n","protected":false},"author":575,"featured_media":2310,"comment_status":"open","ping_status":"open","sticky":false,"template":"","format":"standard","meta":{"jetpack_post_was_ever_published":false,"_jetpack_newsletter_access":"","_jetpack_dont_email_post_to_subs":false,"_jetpack_newsletter_tier_id":0,"_jetpack_memberships_contains_paywalled_content":false,"_jetpack_memberships_contains_paid_content":false,"footnotes":"","jetpack_publicize_message":"","jetpack_publicize_feature_enabled":true,"jetpack_social_post_already_shared":true,"jetpack_social_options":{"image_generator_settings":{"template":"highway","default_image_id":0,"font":"","enabled":false},"version":2}},"categories":[9],"tags":[],"class_list":["post-2301","post","type-post","status-publish","format-standard","has-post-thumbnail","hentry","category-stage"],"jetpack_publicize_connections":[],"jetpack_featured_media_url":"https:\/\/sites.mm.ehb.be\/trm\/wp-content\/uploads\/sites\/111\/2021\/06\/loic-grote-markt-1.jpg","jetpack_sharing_enabled":true,"jetpack_shortlink":"https:\/\/wp.me\/pavQFa-B7","_links":{"self":[{"href":"https:\/\/sites.mm.ehb.be\/trm\/wp-json\/wp\/v2\/posts\/2301","targetHints":{"allow":["GET"]}}],"collection":[{"href":"https:\/\/sites.mm.ehb.be\/trm\/wp-json\/wp\/v2\/posts"}],"about":[{"href":"https:\/\/sites.mm.ehb.be\/trm\/wp-json\/wp\/v2\/types\/post"}],"author":[{"embeddable":true,"href":"https:\/\/sites.mm.ehb.be\/trm\/wp-json\/wp\/v2\/users\/575"}],"replies":[{"embeddable":true,"href":"https:\/\/sites.mm.ehb.be\/trm\/wp-json\/wp\/v2\/comments?post=2301"}],"version-history":[{"count":3,"href":"https:\/\/sites.mm.ehb.be\/trm\/wp-json\/wp\/v2\/posts\/2301\/revisions"}],"predecessor-version":[{"id":2395,"href":"https:\/\/sites.mm.ehb.be\/trm\/wp-json\/wp\/v2\/posts\/2301\/revisions\/2395"}],"wp:featuredmedia":[{"embeddable":true,"href":"https:\/\/sites.mm.ehb.be\/trm\/wp-json\/wp\/v2\/media\/2310"}],"wp:attachment":[{"href":"https:\/\/sites.mm.ehb.be\/trm\/wp-json\/wp\/v2\/media?parent=2301"}],"wp:term":[{"taxonomy":"category","embeddable":true,"href":"https:\/\/sites.mm.ehb.be\/trm\/wp-json\/wp\/v2\/categories?post=2301"},{"taxonomy":"post_tag","embeddable":true,"href":"https:\/\/sites.mm.ehb.be\/trm\/wp-json\/wp\/v2\/tags?post=2301"}],"curies":[{"name":"wp","href":"https:\/\/api.w.org\/{rel}","templated":true}]}}