{"id":1736,"date":"2021-06-14T13:55:43","date_gmt":"2021-06-14T11:55:43","guid":{"rendered":"https:\/\/sites.mm.ehb.be\/trm\/?p=1736"},"modified":"2021-06-14T13:55:43","modified_gmt":"2021-06-14T11:55:43","slug":"waterloo-couldnt-escape-if-i-wanted-to","status":"publish","type":"post","link":"https:\/\/sites.mm.ehb.be\/trm\/2021\/06\/14\/waterloo-couldnt-escape-if-i-wanted-to\/","title":{"rendered":"Waterloo&#8230; couldn&#8217;t escape if I wanted to&#8230;"},"content":{"rendered":"\n<p class=\"has-text-align-left\">Du 1er mars 2021 au 20 juin 2021, j&#8217;ai eu l&#8217;opportunit\u00e9 d&#8217;effectuer un stage au M\u00e9morial de la Bataille de Waterloo 1815, le mus\u00e9e au pied de la Butte du Lion. Pourquoi ai-je choisi ce stage? Tout simplement parce que je suis passionn\u00e9, et peut-\u00eatre m\u00eame l\u00e9g\u00e8rement obs\u00e9d\u00e9, par l&#8217;\u00e8re napol\u00e9onienne. Je suis un reconstitueur napol\u00e9onien depuis 2016, je lis r\u00e9guli\u00e8rement des livres d&#8217;histoire depuis mon adolescence et je ne voulais donc pas manquer cette occasion de d\u00e9couvrir ce qui se passe dans les coulisses de ce site mus\u00e9al connu dans le monde entier.<\/p>\n\n\n\n<div class=\"wp-block-jetpack-slideshow aligncenter\" data-effect=\"slide\"><div class=\"wp-block-jetpack-slideshow_container swiper-container\"><ul class=\"wp-block-jetpack-slideshow_swiper-wrapper swiper-wrapper\"><li class=\"wp-block-jetpack-slideshow_slide swiper-slide\"><figure><img loading=\"lazy\" decoding=\"async\" width=\"534\" height=\"530\" alt=\"\" class=\"wp-block-jetpack-slideshow_image wp-image-1741\" data-id=\"1741\" src=\"http:\/\/sites.mm.ehb.be\/trm\/wp-content\/uploads\/sites\/111\/2021\/05\/kaart-memorial.png\" srcset=\"https:\/\/sites.mm.ehb.be\/trm\/wp-content\/uploads\/sites\/111\/2021\/05\/kaart-memorial.png 534w, https:\/\/sites.mm.ehb.be\/trm\/wp-content\/uploads\/sites\/111\/2021\/05\/kaart-memorial-300x298.png 300w, https:\/\/sites.mm.ehb.be\/trm\/wp-content\/uploads\/sites\/111\/2021\/05\/kaart-memorial-150x150.png 150w, https:\/\/sites.mm.ehb.be\/trm\/wp-content\/uploads\/sites\/111\/2021\/05\/kaart-memorial-24x24.png 24w, https:\/\/sites.mm.ehb.be\/trm\/wp-content\/uploads\/sites\/111\/2021\/05\/kaart-memorial-48x48.png 48w, https:\/\/sites.mm.ehb.be\/trm\/wp-content\/uploads\/sites\/111\/2021\/05\/kaart-memorial-96x96.png 96w\" sizes=\"(max-width: 534px) 85vw, 534px\" \/><figcaption class=\"wp-block-jetpack-slideshow_caption gallery-caption\">Plattegrond van de museumsite<\/figcaption><\/figure><\/li><li class=\"wp-block-jetpack-slideshow_slide swiper-slide\"><figure><img loading=\"lazy\" decoding=\"async\" width=\"845\" height=\"562\" alt=\"\" class=\"wp-block-jetpack-slideshow_image wp-image-1743\" data-id=\"1743\" src=\"http:\/\/sites.mm.ehb.be\/trm\/wp-content\/uploads\/sites\/111\/2021\/05\/ferme-845px.jpg\" srcset=\"https:\/\/sites.mm.ehb.be\/trm\/wp-content\/uploads\/sites\/111\/2021\/05\/ferme-845px.jpg 845w, https:\/\/sites.mm.ehb.be\/trm\/wp-content\/uploads\/sites\/111\/2021\/05\/ferme-845px-300x200.jpg 300w, https:\/\/sites.mm.ehb.be\/trm\/wp-content\/uploads\/sites\/111\/2021\/05\/ferme-845px-768x511.jpg 768w\" sizes=\"(max-width: 709px) 85vw, (max-width: 909px) 67vw, (max-width: 1362px) 62vw, 840px\" \/><figcaption class=\"wp-block-jetpack-slideshow_caption gallery-caption\">Entr\u00e9e du mus\u00e9e avec le Panorama et la Butte en arri\u00e8re-plan.<\/figcaption><\/figure><\/li><li class=\"wp-block-jetpack-slideshow_slide swiper-slide\"><figure><img loading=\"lazy\" decoding=\"async\" width=\"1024\" height=\"378\" alt=\"\" class=\"wp-block-jetpack-slideshow_image wp-image-1742\" data-id=\"1742\" src=\"http:\/\/sites.mm.ehb.be\/trm\/wp-content\/uploads\/sites\/111\/2021\/05\/galerij-der-uniformen-1024x378.jpg\" srcset=\"https:\/\/sites.mm.ehb.be\/trm\/wp-content\/uploads\/sites\/111\/2021\/05\/galerij-der-uniformen-1024x378.jpg 1024w, https:\/\/sites.mm.ehb.be\/trm\/wp-content\/uploads\/sites\/111\/2021\/05\/galerij-der-uniformen-300x111.jpg 300w, https:\/\/sites.mm.ehb.be\/trm\/wp-content\/uploads\/sites\/111\/2021\/05\/galerij-der-uniformen-768x284.jpg 768w, https:\/\/sites.mm.ehb.be\/trm\/wp-content\/uploads\/sites\/111\/2021\/05\/galerij-der-uniformen-1536x567.jpg 1536w, https:\/\/sites.mm.ehb.be\/trm\/wp-content\/uploads\/sites\/111\/2021\/05\/galerij-der-uniformen-1200x443.jpg 1200w, https:\/\/sites.mm.ehb.be\/trm\/wp-content\/uploads\/sites\/111\/2021\/05\/galerij-der-uniformen.jpg 1895w\" sizes=\"(max-width: 709px) 85vw, (max-width: 909px) 67vw, (max-width: 1362px) 62vw, 840px\" \/><figcaption class=\"wp-block-jetpack-slideshow_caption gallery-caption\">De galerij der uniformen<\/figcaption><\/figure><\/li><li class=\"wp-block-jetpack-slideshow_slide swiper-slide\"><figure><img loading=\"lazy\" decoding=\"async\" width=\"700\" height=\"430\" alt=\"\" class=\"wp-block-jetpack-slideshow_image wp-image-1746\" data-id=\"1746\" src=\"http:\/\/sites.mm.ehb.be\/trm\/wp-content\/uploads\/sites\/111\/2021\/05\/19_05_13_WATERLOO1815_RESTO_Bivouac_cuisineraffinCe-700x430-1.jpg\" srcset=\"https:\/\/sites.mm.ehb.be\/trm\/wp-content\/uploads\/sites\/111\/2021\/05\/19_05_13_WATERLOO1815_RESTO_Bivouac_cuisineraffinCe-700x430-1.jpg 700w, https:\/\/sites.mm.ehb.be\/trm\/wp-content\/uploads\/sites\/111\/2021\/05\/19_05_13_WATERLOO1815_RESTO_Bivouac_cuisineraffinCe-700x430-1-300x184.jpg 300w\" sizes=\"(max-width: 709px) 85vw, (max-width: 909px) 67vw, (max-width: 984px) 61vw, (max-width: 1362px) 45vw, 600px\" \/><figcaption class=\"wp-block-jetpack-slideshow_caption gallery-caption\">Un des restaurants du M\u00e9morial<\/figcaption><\/figure><\/li><li class=\"wp-block-jetpack-slideshow_slide swiper-slide\"><figure><img loading=\"lazy\" decoding=\"async\" width=\"1024\" height=\"307\" alt=\"\" class=\"wp-block-jetpack-slideshow_image wp-image-1744\" data-id=\"1744\" src=\"http:\/\/sites.mm.ehb.be\/trm\/wp-content\/uploads\/sites\/111\/2021\/05\/gite-hougoumont-waterloo-memorial-1815-35-1024x307.jpg\" srcset=\"https:\/\/sites.mm.ehb.be\/trm\/wp-content\/uploads\/sites\/111\/2021\/05\/gite-hougoumont-waterloo-memorial-1815-35-1024x307.jpg 1024w, https:\/\/sites.mm.ehb.be\/trm\/wp-content\/uploads\/sites\/111\/2021\/05\/gite-hougoumont-waterloo-memorial-1815-35-300x90.jpg 300w, https:\/\/sites.mm.ehb.be\/trm\/wp-content\/uploads\/sites\/111\/2021\/05\/gite-hougoumont-waterloo-memorial-1815-35-768x230.jpg 768w, https:\/\/sites.mm.ehb.be\/trm\/wp-content\/uploads\/sites\/111\/2021\/05\/gite-hougoumont-waterloo-memorial-1815-35-1200x360.jpg 1200w, https:\/\/sites.mm.ehb.be\/trm\/wp-content\/uploads\/sites\/111\/2021\/05\/gite-hougoumont-waterloo-memorial-1815-35.jpg 1500w\" sizes=\"(max-width: 709px) 85vw, (max-width: 909px) 67vw, (max-width: 1362px) 62vw, 840px\" \/><figcaption class=\"wp-block-jetpack-slideshow_caption gallery-caption\">De Hoeve van Hougoumont<\/figcaption><\/figure><\/li><\/ul><a class=\"wp-block-jetpack-slideshow_button-prev swiper-button-prev swiper-button-white\" role=\"button\"><\/a><a class=\"wp-block-jetpack-slideshow_button-next swiper-button-next swiper-button-white\" role=\"button\"><\/a><a aria-label=\"Pause Slideshow\" class=\"wp-block-jetpack-slideshow_button-pause\" role=\"button\"><\/a><div class=\"wp-block-jetpack-slideshow_pagination swiper-pagination swiper-pagination-white\"><\/div><\/div><\/div>\n\n\n<p>Communicatie is een essentieel onderdeel van ieder goed management, en des te meer bij een wereldbekende museumsite als die van de Leeuw van Waterloo. Het laten uitbrengen van muzikale klassiekers zoals \u2018Waterloo\u2019 van ABBA is \u00e9\u00e9n vorm van communicatie, maar er zijn er nog heel wat anderen. Zo zijn er de berichten op de sociale media, de interviews in de geschreven en gesproken pers, de bloggers, vloggers, tiktokkers en zo voort en zo verder.<\/p>\n<p>Zelf mocht ik de Vlaamse reisblogger Jonathan Ramael van \u2018<a href=\"https:\/\/www.trotop.be\/wat-te-doen-in-waterloo\/\">Trot Op!<\/a>\u2019 een rondleiding geven op de site, contacten leggen met de Belgische pers, de sociale media beheren en last but not least, optreden als woordvoerder voor de Nederlandstalige en Engelstalige media. By the way, weet je wat de belangrijkste eigenschap is van een goede woordvoerder? Neen? Wel dat is weten wanneer je een negatieve situatie kan omzetten in gratis publiciteit. En naar het schijnt zou ik die gewiekste eigenschap bezitten. Zo heb ik bijvoorbeeld gezorgd voor enkele geschreven artikels en een <a href=\"https:\/\/www.vrt.be\/vrtnws\/nl\/2021\/03\/11\/een-dan-drie-kastanjebomen-die-in-1815-de-slag-bij-waterloo-nog\/\">reportage<\/a> op Het Journaal van 19u op VRT betreffende het omvallen van \u00e9\u00e9n van de kastanjebomen aan de Hoeve van Hougoumont. Niet slecht voor een stagiair, nietwaar?<\/p>\n\n\n<figure class=\"wp-block-gallery columns-2 is-cropped wp-block-gallery-1 is-layout-flex wp-block-gallery-is-layout-flex\"><ul class=\"blocks-gallery-grid\"><li class=\"blocks-gallery-item\"><figure><img loading=\"lazy\" decoding=\"async\" width=\"1024\" height=\"633\" src=\"http:\/\/sites.mm.ehb.be\/trm\/wp-content\/uploads\/sites\/111\/2021\/05\/Schermafbeelding-2021-04-16-om-13.42.37-1024x633.png\" alt=\"\" data-id=\"1749\" data-full-url=\"http:\/\/sites.mm.ehb.be\/trm\/wp-content\/uploads\/sites\/111\/2021\/05\/Schermafbeelding-2021-04-16-om-13.42.37.png\" data-link=\"https:\/\/sites.mm.ehb.be\/trm\/?attachment_id=1749\" class=\"wp-image-1749\" srcset=\"https:\/\/sites.mm.ehb.be\/trm\/wp-content\/uploads\/sites\/111\/2021\/05\/Schermafbeelding-2021-04-16-om-13.42.37-1024x633.png 1024w, https:\/\/sites.mm.ehb.be\/trm\/wp-content\/uploads\/sites\/111\/2021\/05\/Schermafbeelding-2021-04-16-om-13.42.37-300x185.png 300w, https:\/\/sites.mm.ehb.be\/trm\/wp-content\/uploads\/sites\/111\/2021\/05\/Schermafbeelding-2021-04-16-om-13.42.37-768x475.png 768w, https:\/\/sites.mm.ehb.be\/trm\/wp-content\/uploads\/sites\/111\/2021\/05\/Schermafbeelding-2021-04-16-om-13.42.37-1536x949.png 1536w, https:\/\/sites.mm.ehb.be\/trm\/wp-content\/uploads\/sites\/111\/2021\/05\/Schermafbeelding-2021-04-16-om-13.42.37-1200x742.png 1200w, https:\/\/sites.mm.ehb.be\/trm\/wp-content\/uploads\/sites\/111\/2021\/05\/Schermafbeelding-2021-04-16-om-13.42.37.png 1932w\" sizes=\"auto, (max-width: 709px) 85vw, (max-width: 909px) 67vw, (max-width: 1362px) 62vw, 840px\" \/><figcaption class=\"blocks-gallery-item__caption\">Reisblog &#8216;Trot Op!&#8217;<\/figcaption><\/figure><\/li><li class=\"blocks-gallery-item\"><figure><img loading=\"lazy\" decoding=\"async\" width=\"1024\" height=\"588\" src=\"http:\/\/sites.mm.ehb.be\/trm\/wp-content\/uploads\/sites\/111\/2021\/05\/Schermafbeelding-2021-04-16-om-17.26.23-1024x588.png\" alt=\"\" data-id=\"1750\" data-full-url=\"http:\/\/sites.mm.ehb.be\/trm\/wp-content\/uploads\/sites\/111\/2021\/05\/Schermafbeelding-2021-04-16-om-17.26.23.png\" data-link=\"https:\/\/sites.mm.ehb.be\/trm\/?attachment_id=1750\" class=\"wp-image-1750\" srcset=\"https:\/\/sites.mm.ehb.be\/trm\/wp-content\/uploads\/sites\/111\/2021\/05\/Schermafbeelding-2021-04-16-om-17.26.23-1024x588.png 1024w, https:\/\/sites.mm.ehb.be\/trm\/wp-content\/uploads\/sites\/111\/2021\/05\/Schermafbeelding-2021-04-16-om-17.26.23-300x172.png 300w, https:\/\/sites.mm.ehb.be\/trm\/wp-content\/uploads\/sites\/111\/2021\/05\/Schermafbeelding-2021-04-16-om-17.26.23-768x441.png 768w, https:\/\/sites.mm.ehb.be\/trm\/wp-content\/uploads\/sites\/111\/2021\/05\/Schermafbeelding-2021-04-16-om-17.26.23-1536x882.png 1536w, https:\/\/sites.mm.ehb.be\/trm\/wp-content\/uploads\/sites\/111\/2021\/05\/Schermafbeelding-2021-04-16-om-17.26.23-2048x1176.png 2048w, https:\/\/sites.mm.ehb.be\/trm\/wp-content\/uploads\/sites\/111\/2021\/05\/Schermafbeelding-2021-04-16-om-17.26.23-1200x689.png 1200w\" sizes=\"auto, (max-width: 709px) 85vw, (max-width: 909px) 67vw, (max-width: 1362px) 62vw, 840px\" \/><figcaption class=\"blocks-gallery-item__caption\">Reportage VRT Nieuws<\/figcaption><\/figure><\/li><\/ul><\/figure>\n\n\n<p>Cela dit, la gestion d&#8217;un tel site ne se limite pas \u00e0 la communication. On m&#8217;avait promis un stage tous azimuts et ils ont tenu cette promesse. J&#8217;ai explor\u00e9 \u00e0 peu pr\u00e8s tous les d\u00e9partements du M\u00e9morial. En plus de travailler avec l&#8217;\u00e9quipe de communication, j&#8217;ai aid\u00e9 le d\u00e9partement technique dans l&#8217;entretien de la sc\u00e9nographie, j&#8217;ai assist\u00e9 le responsable culturel dans la construction de l&#8217;exposition temporaire, j&#8217;ai accompagn\u00e9 le responsable p\u00e9dagogique lors des diff\u00e9rents ateliers pour les \u00e9coles, j&#8217;ai renforc\u00e9 l&#8217;\u00e9quipe de l&#8217;accueil lorsque cela \u00e9tait n\u00e9cessaire et j&#8217;ai accompli des t\u00e2ches li\u00e9es aux finances lorsque la direction me le demandait. Je suis donc presque s\u00fbr d&#8217;avoir tout essay\u00e9.<\/p>\n\n\n<div class=\"wp-block-jetpack-slideshow aligncenter\" data-effect=\"slide\"><div class=\"wp-block-jetpack-slideshow_container swiper-container\"><ul class=\"wp-block-jetpack-slideshow_swiper-wrapper swiper-wrapper\"><li class=\"wp-block-jetpack-slideshow_slide swiper-slide\"><figure><img loading=\"lazy\" decoding=\"async\" width=\"1024\" height=\"768\" alt=\"\" class=\"wp-block-jetpack-slideshow_image wp-image-1758\" data-id=\"1758\" src=\"http:\/\/sites.mm.ehb.be\/trm\/wp-content\/uploads\/sites\/111\/2021\/05\/190376429_407449556891275_7882733599224035895_n-1024x768.jpg\" srcset=\"https:\/\/sites.mm.ehb.be\/trm\/wp-content\/uploads\/sites\/111\/2021\/05\/190376429_407449556891275_7882733599224035895_n-1024x768.jpg 1024w, https:\/\/sites.mm.ehb.be\/trm\/wp-content\/uploads\/sites\/111\/2021\/05\/190376429_407449556891275_7882733599224035895_n-300x225.jpg 300w, https:\/\/sites.mm.ehb.be\/trm\/wp-content\/uploads\/sites\/111\/2021\/05\/190376429_407449556891275_7882733599224035895_n-768x576.jpg 768w, https:\/\/sites.mm.ehb.be\/trm\/wp-content\/uploads\/sites\/111\/2021\/05\/190376429_407449556891275_7882733599224035895_n-1536x1152.jpg 1536w, https:\/\/sites.mm.ehb.be\/trm\/wp-content\/uploads\/sites\/111\/2021\/05\/190376429_407449556891275_7882733599224035895_n-1200x900.jpg 1200w, https:\/\/sites.mm.ehb.be\/trm\/wp-content\/uploads\/sites\/111\/2021\/05\/190376429_407449556891275_7882733599224035895_n.jpg 2048w\" sizes=\"(max-width: 709px) 85vw, (max-width: 909px) 67vw, (max-width: 1362px) 62vw, 840px\" \/><figcaption class=\"wp-block-jetpack-slideshow_caption gallery-caption\">De coulissen van het Panorama<\/figcaption><\/figure><\/li><li class=\"wp-block-jetpack-slideshow_slide swiper-slide\"><figure><img loading=\"lazy\" decoding=\"async\" width=\"1024\" height=\"768\" alt=\"\" class=\"wp-block-jetpack-slideshow_image wp-image-1757\" data-id=\"1757\" src=\"http:\/\/sites.mm.ehb.be\/trm\/wp-content\/uploads\/sites\/111\/2021\/05\/176138427_803617000252813_1859679355176075213_n-1024x768.jpg\" srcset=\"https:\/\/sites.mm.ehb.be\/trm\/wp-content\/uploads\/sites\/111\/2021\/05\/176138427_803617000252813_1859679355176075213_n-1024x768.jpg 1024w, https:\/\/sites.mm.ehb.be\/trm\/wp-content\/uploads\/sites\/111\/2021\/05\/176138427_803617000252813_1859679355176075213_n-300x225.jpg 300w, https:\/\/sites.mm.ehb.be\/trm\/wp-content\/uploads\/sites\/111\/2021\/05\/176138427_803617000252813_1859679355176075213_n-768x576.jpg 768w, https:\/\/sites.mm.ehb.be\/trm\/wp-content\/uploads\/sites\/111\/2021\/05\/176138427_803617000252813_1859679355176075213_n-1536x1152.jpg 1536w, https:\/\/sites.mm.ehb.be\/trm\/wp-content\/uploads\/sites\/111\/2021\/05\/176138427_803617000252813_1859679355176075213_n-1200x900.jpg 1200w, https:\/\/sites.mm.ehb.be\/trm\/wp-content\/uploads\/sites\/111\/2021\/05\/176138427_803617000252813_1859679355176075213_n.jpg 2048w\" sizes=\"(max-width: 709px) 85vw, (max-width: 909px) 67vw, (max-width: 1362px) 62vw, 840px\" \/><figcaption class=\"wp-block-jetpack-slideshow_caption gallery-caption\">D\u00e9ballage des pi\u00e8ces de mus\u00e9e pr\u00eat\u00e9es<\/figcaption><\/figure><\/li><li class=\"wp-block-jetpack-slideshow_slide swiper-slide\"><figure><img loading=\"lazy\" decoding=\"async\" width=\"1024\" height=\"759\" alt=\"\" class=\"wp-block-jetpack-slideshow_image wp-image-1754\" data-id=\"1754\" src=\"http:\/\/sites.mm.ehb.be\/trm\/wp-content\/uploads\/sites\/111\/2021\/05\/180681675_4150778808278443_968572449122297566_n-1024x759.jpg\" srcset=\"https:\/\/sites.mm.ehb.be\/trm\/wp-content\/uploads\/sites\/111\/2021\/05\/180681675_4150778808278443_968572449122297566_n-1024x759.jpg 1024w, https:\/\/sites.mm.ehb.be\/trm\/wp-content\/uploads\/sites\/111\/2021\/05\/180681675_4150778808278443_968572449122297566_n-300x222.jpg 300w, https:\/\/sites.mm.ehb.be\/trm\/wp-content\/uploads\/sites\/111\/2021\/05\/180681675_4150778808278443_968572449122297566_n-768x569.jpg 768w, https:\/\/sites.mm.ehb.be\/trm\/wp-content\/uploads\/sites\/111\/2021\/05\/180681675_4150778808278443_968572449122297566_n-1536x1138.jpg 1536w, https:\/\/sites.mm.ehb.be\/trm\/wp-content\/uploads\/sites\/111\/2021\/05\/180681675_4150778808278443_968572449122297566_n-1200x889.jpg 1200w, https:\/\/sites.mm.ehb.be\/trm\/wp-content\/uploads\/sites\/111\/2021\/05\/180681675_4150778808278443_968572449122297566_n.jpg 1879w\" sizes=\"(max-width: 709px) 85vw, (max-width: 909px) 67vw, (max-width: 1362px) 62vw, 840px\" \/><figcaption class=\"wp-block-jetpack-slideshow_caption gallery-caption\">De opbouw van de tijdelijke expo<\/figcaption><\/figure><\/li><li class=\"wp-block-jetpack-slideshow_slide swiper-slide\"><figure><img loading=\"lazy\" decoding=\"async\" width=\"912\" height=\"444\" alt=\"\" class=\"wp-block-jetpack-slideshow_image wp-image-1756\" data-id=\"1756\" src=\"http:\/\/sites.mm.ehb.be\/trm\/wp-content\/uploads\/sites\/111\/2021\/05\/animaties-te-Memorial.png\" srcset=\"https:\/\/sites.mm.ehb.be\/trm\/wp-content\/uploads\/sites\/111\/2021\/05\/animaties-te-Memorial.png 912w, https:\/\/sites.mm.ehb.be\/trm\/wp-content\/uploads\/sites\/111\/2021\/05\/animaties-te-Memorial-300x146.png 300w, https:\/\/sites.mm.ehb.be\/trm\/wp-content\/uploads\/sites\/111\/2021\/05\/animaties-te-Memorial-768x374.png 768w\" sizes=\"(max-width: 709px) 85vw, (max-width: 909px) 67vw, (max-width: 1362px) 62vw, 840px\" \/><figcaption class=\"wp-block-jetpack-slideshow_caption gallery-caption\">Les animations historiques au pied de la Butte<\/figcaption><\/figure><\/li><\/ul><a class=\"wp-block-jetpack-slideshow_button-prev swiper-button-prev swiper-button-white\" role=\"button\"><\/a><a class=\"wp-block-jetpack-slideshow_button-next swiper-button-next swiper-button-white\" role=\"button\"><\/a><a aria-label=\"Pause Slideshow\" class=\"wp-block-jetpack-slideshow_button-pause\" role=\"button\"><\/a><div class=\"wp-block-jetpack-slideshow_pagination swiper-pagination swiper-pagination-white\"><\/div><\/div><\/div>\n\n\n<p>Samengevat kan ik dus alleen maar zeggen dat het 16 boeiende weken waren waarbij ik iedere keer weer in de verbazing viel met wat het M\u00e9morial mij voorschotelde. Ik weet niet wat de toekomst me te bieden heeft, maar \u00e9\u00e9n ding is zeker&#8230; Waterloo&#8230; couldn&#8217;t escape if I wanted to&#8230;<\/p>\n\n\n<p><\/p>\n","protected":false},"excerpt":{"rendered":"<p>Waterloo is meer dan slechts een disconummer van ABBA. Het is een wereldbekende locatie waar het lot van Europa in 1815 werd bezegeld. Ik had de eer en het genoegen om er ongeveer 200 jaar later stage te mogen lopen in het M\u00e9morial de la Bataille de Waterloo 1815. Ontdek samen met mij wat er zich dagdagelijks achter de coulissen afspeelt om van dit stukje Europese geschiedenis een geanimeerde doch respectvolle toeristische locatie te maken.<\/p>\n","protected":false},"author":836,"featured_media":1740,"comment_status":"open","ping_status":"open","sticky":false,"template":"","format":"standard","meta":{"jetpack_post_was_ever_published":false,"_jetpack_newsletter_access":"","_jetpack_dont_email_post_to_subs":false,"_jetpack_newsletter_tier_id":0,"_jetpack_memberships_contains_paywalled_content":false,"_jetpack_memberships_contains_paid_content":false,"footnotes":"","jetpack_publicize_message":"","jetpack_publicize_feature_enabled":true,"jetpack_social_post_already_shared":true,"jetpack_social_options":{"image_generator_settings":{"template":"highway","default_image_id":0,"font":"","enabled":false},"version":2}},"categories":[9],"tags":[66,67,65,68,31,64],"class_list":["post-1736","post","type-post","status-publish","format-standard","has-post-thumbnail","hentry","category-stage","tag-leeuw-van-waterloo","tag-memorial-1815","tag-napoleon","tag-slag-bij-waterloo","tag-stage","tag-waterloo"],"jetpack_publicize_connections":[],"jetpack_featured_media_url":"https:\/\/sites.mm.ehb.be\/trm\/wp-content\/uploads\/sites\/111\/2021\/05\/IMG_9116.jpg","jetpack_sharing_enabled":true,"jetpack_shortlink":"https:\/\/wp.me\/pavQFa-s0","_links":{"self":[{"href":"https:\/\/sites.mm.ehb.be\/trm\/wp-json\/wp\/v2\/posts\/1736","targetHints":{"allow":["GET"]}}],"collection":[{"href":"https:\/\/sites.mm.ehb.be\/trm\/wp-json\/wp\/v2\/posts"}],"about":[{"href":"https:\/\/sites.mm.ehb.be\/trm\/wp-json\/wp\/v2\/types\/post"}],"author":[{"embeddable":true,"href":"https:\/\/sites.mm.ehb.be\/trm\/wp-json\/wp\/v2\/users\/836"}],"replies":[{"embeddable":true,"href":"https:\/\/sites.mm.ehb.be\/trm\/wp-json\/wp\/v2\/comments?post=1736"}],"version-history":[{"count":14,"href":"https:\/\/sites.mm.ehb.be\/trm\/wp-json\/wp\/v2\/posts\/1736\/revisions"}],"predecessor-version":[{"id":1864,"href":"https:\/\/sites.mm.ehb.be\/trm\/wp-json\/wp\/v2\/posts\/1736\/revisions\/1864"}],"wp:featuredmedia":[{"embeddable":true,"href":"https:\/\/sites.mm.ehb.be\/trm\/wp-json\/wp\/v2\/media\/1740"}],"wp:attachment":[{"href":"https:\/\/sites.mm.ehb.be\/trm\/wp-json\/wp\/v2\/media?parent=1736"}],"wp:term":[{"taxonomy":"category","embeddable":true,"href":"https:\/\/sites.mm.ehb.be\/trm\/wp-json\/wp\/v2\/categories?post=1736"},{"taxonomy":"post_tag","embeddable":true,"href":"https:\/\/sites.mm.ehb.be\/trm\/wp-json\/wp\/v2\/tags?post=1736"}],"curies":[{"name":"wp","href":"https:\/\/api.w.org\/{rel}","templated":true}]}}