{"id":1707,"date":"2021-06-22T14:44:44","date_gmt":"2021-06-22T12:44:44","guid":{"rendered":"https:\/\/sites.mm.ehb.be\/trm\/?p=1707"},"modified":"2021-06-22T14:44:44","modified_gmt":"2021-06-22T12:44:44","slug":"eerste-ontmoetingen-premieres-rencontres","status":"publish","type":"post","link":"https:\/\/sites.mm.ehb.be\/trm\/2021\/06\/22\/eerste-ontmoetingen-premieres-rencontres\/","title":{"rendered":"Eerste ontmoetingen, premi\u00e8res rencontres"},"content":{"rendered":"\n<p style=\"font-size:1px\">Al enkele maanden was ik aan het uitkijken naar deze dag. Aujourd\u2019hui, c\u2019est mon premier jour de travail chez SOS Faim. C\u2019est une ONG francophone, situ\u00e9e au c\u0153ur de Bruxelles. Om 9u stipt kom ik aan in de Wolvenstraat. Ik word warm ontvangen en ik krijg direct een rondleiding in het kantoor. Il y a quelques personnes au bureau et je fais connaissance avec eux. Ga\u00ebtan, het communicatie hoofd binnen SOS Faim neemt me helemaal mee naar de bovenste verdieping waar het departement communicatie- en fondsenwerving zich bevindt en waar ik mijn eigen bureau krijg. Samen bespreken we de praktische zaken en de aanpak van mijn opdracht waar ik de komende twee maanden aan ga werken. Ik krijg ook een eigen e-mailadres en een eigen Teams-account van SOS Faim. Ik maak nu officieel deel uit van het communicatie- en fondsenwerving departement. Je suis tr\u00e8s excit\u00e9e de commencer et j\u2019ai envie d\u2019apprendre beaucoup.&nbsp;<\/p>\n\n\n\n<p style=\"font-size:14px\">Al enkele maanden was ik aan het uitkijken naar deze dag. Aujourd\u2019hui, c\u2019est mon premier jour de travail chez SOS Faim. C\u2019est une ONG francophone, situ\u00e9e au c\u0153ur de Bruxelles. Om 9u stipt kom ik aan in de Wolstraat. Ik word warm ontvangen en ik krijg onmiddellijk  een rondleiding in het kantoor. Il y a quelques personnes au bureau et je fais connaissance avec eux. Ga\u00ebtan, het communicatie hoofd binnen SOS Faim neemt me helemaal mee naar de bovenste verdieping waar het departement communicatie- en fondsenwerving zich bevindt en waar ik mijn eigen bureau krijg. Samen bespreken we de praktische zaken en de aanpak van mijn opdracht waar ik de komende twee maanden aan ga werken. Ik krijg ook een eigen e-mailadres van SOS Faim. Ik maak nu officieel deel uit van het departement communicatie- en fondsenwerving. Je suis tr\u00e8s excit\u00e9e de commencer et j\u2019ai envie d\u2019apprendre beaucoup.&nbsp;<\/p>\n\n\n\n<p class=\"has-text-align-left\" style=\"font-size:14px\">De tijd vliegt voorbij. We hadden ons gesprek nog maar net afgerond en de algemene vergadering ging al van start. Ga\u00ebtan demander de me pr\u00e9senter devant toute l\u2019\u00e9quipe. (Heureusement) la r\u00e9union se d\u00e9rouler par Teams ?. Je disais en quelques mots qui je suis et ce que je viens faire pendant les prochaines 2 mois. Iedereen ziet er super vriendelijk uit en enkele steken hun duim op. <\/p>\n\n\n\n<p style=\"font-size:14px\">Nu is het tijd voor een middagpauze. Ik heb geen lunchpakket voorzien maar gelukkig ben ik niet ver van het centrum en kan ik snel een broodje gaan kopen.&nbsp;<\/p>\n\n\n\n<hr class=\"wp-block-separator is-style-default\" \/>\n\n\n\n<div class=\"wp-block-media-text alignwide is-stacked-on-mobile\"><figure class=\"wp-block-media-text__media\"><img loading=\"lazy\" decoding=\"async\" width=\"497\" height=\"334\" src=\"https:\/\/sites.mm.ehb.be\/trm\/wp-content\/uploads\/sites\/111\/2021\/05\/image-1.png\" alt=\"\" class=\"wp-image-1716 size-full\" srcset=\"https:\/\/sites.mm.ehb.be\/trm\/wp-content\/uploads\/sites\/111\/2021\/05\/image-1.png 497w, https:\/\/sites.mm.ehb.be\/trm\/wp-content\/uploads\/sites\/111\/2021\/05\/image-1-300x202.png 300w\" sizes=\"auto, (max-width: 497px) 85vw, 497px\" \/><\/figure><div class=\"wp-block-media-text__content\">\n<p style=\"font-size:14px\">Durant la r\u00e9union qui vient d&#8217;avoir lieu, Ga\u00ebtan et moi nous sommes mis d&#8217;accord sur le fait que je dois commencer par m&#8217;informer sur l&#8217;organisation, son fonctionnement, ses partenaires, etc. Apr\u00e8s ma pause,&nbsp;Je m&#8217;y mets tout de suite.&nbsp;<\/p>\n<\/div><\/div>\n\n\n\n<p style=\"font-size:14px\">SOS Faim strijd tegen honger en armoede. Ik heb in het verleden al vrijwilligerswerk gedaan in Marokko en hierdoor is mijn interesse in deze sector gegroeid. Je suis tr\u00e8s pr\u00e9occup\u00e9e par le monde et les gens et c&#8217;est aussi l&#8217;une des raisons pour lesquelles j&#8217;aimerais mieux comprendre le fonctionnement d&#8217;une ONG. Ik weet op dit moment weinig over de voedsel problematiek en ik wil al lang eens tijd nemen om me hierin te verdiepen.&nbsp;&nbsp;<\/p>\n\n\n\n<p style=\"font-size:14px\">Les heures passent tr\u00e8s vite. J&#8217;ai d\u00e9j\u00e0 appris tellement de choses aujourd&#8217;hui et ce n&#8217;est que le premier jour!<\/p>\n\n\n\n<p style=\"font-size:14px\">La journ\u00e9e s&#8217;ach\u00e8ve. Nous avons convenu que je reviendrai le mercredi pour une r\u00e9union avec M\u00e9lanie, la responsable de l\u2019\u00e9v\u00e9nement. Spannend\u2026<\/p>\n","protected":false},"excerpt":{"rendered":"<p>Al enkele maanden was ik aan het uitkijken naar deze dag. Aujourd\u2019hui, c\u2019est mon premier jour de travail chez SOS Faim. C\u2019est une ONG francophone, situ\u00e9e au c\u0153ur de Bruxelles. Om 9u stipt kom ik aan in de Wolvenstraat. Ik word warm ontvangen en ik krijg direct een rondleiding in het kantoor. Il y a &hellip; <a href=\"https:\/\/sites.mm.ehb.be\/trm\/2021\/06\/22\/eerste-ontmoetingen-premieres-rencontres\/\" class=\"more-link\">Lees verder <span class=\"screen-reader-text\">&#8220;Eerste ontmoetingen, premi\u00e8res rencontres&#8221;<\/span><\/a><\/p>\n","protected":false},"author":734,"featured_media":1709,"comment_status":"open","ping_status":"open","sticky":false,"template":"","format":"standard","meta":{"jetpack_post_was_ever_published":false,"_jetpack_newsletter_access":"","_jetpack_dont_email_post_to_subs":false,"_jetpack_newsletter_tier_id":0,"_jetpack_memberships_contains_paywalled_content":false,"_jetpack_memberships_contains_paid_content":false,"footnotes":"","jetpack_publicize_message":"","jetpack_publicize_feature_enabled":true,"jetpack_social_post_already_shared":true,"jetpack_social_options":{"image_generator_settings":{"template":"highway","default_image_id":0,"font":"","enabled":false},"version":2}},"categories":[9],"tags":[],"class_list":["post-1707","post","type-post","status-publish","format-standard","has-post-thumbnail","hentry","category-stage"],"jetpack_publicize_connections":[],"jetpack_featured_media_url":"https:\/\/sites.mm.ehb.be\/trm\/wp-content\/uploads\/sites\/111\/2021\/05\/IMG_6986-1-scaled.jpg","jetpack_sharing_enabled":true,"jetpack_shortlink":"https:\/\/wp.me\/pavQFa-rx","_links":{"self":[{"href":"https:\/\/sites.mm.ehb.be\/trm\/wp-json\/wp\/v2\/posts\/1707","targetHints":{"allow":["GET"]}}],"collection":[{"href":"https:\/\/sites.mm.ehb.be\/trm\/wp-json\/wp\/v2\/posts"}],"about":[{"href":"https:\/\/sites.mm.ehb.be\/trm\/wp-json\/wp\/v2\/types\/post"}],"author":[{"embeddable":true,"href":"https:\/\/sites.mm.ehb.be\/trm\/wp-json\/wp\/v2\/users\/734"}],"replies":[{"embeddable":true,"href":"https:\/\/sites.mm.ehb.be\/trm\/wp-json\/wp\/v2\/comments?post=1707"}],"version-history":[{"count":11,"href":"https:\/\/sites.mm.ehb.be\/trm\/wp-json\/wp\/v2\/posts\/1707\/revisions"}],"predecessor-version":[{"id":2471,"href":"https:\/\/sites.mm.ehb.be\/trm\/wp-json\/wp\/v2\/posts\/1707\/revisions\/2471"}],"wp:featuredmedia":[{"embeddable":true,"href":"https:\/\/sites.mm.ehb.be\/trm\/wp-json\/wp\/v2\/media\/1709"}],"wp:attachment":[{"href":"https:\/\/sites.mm.ehb.be\/trm\/wp-json\/wp\/v2\/media?parent=1707"}],"wp:term":[{"taxonomy":"category","embeddable":true,"href":"https:\/\/sites.mm.ehb.be\/trm\/wp-json\/wp\/v2\/categories?post=1707"},{"taxonomy":"post_tag","embeddable":true,"href":"https:\/\/sites.mm.ehb.be\/trm\/wp-json\/wp\/v2\/tags?post=1707"}],"curies":[{"name":"wp","href":"https:\/\/api.w.org\/{rel}","templated":true}]}}