{"id":1585,"date":"2022-01-20T14:35:43","date_gmt":"2022-01-20T13:35:43","guid":{"rendered":"http:\/\/sites.mmm.ehb.be\/trm\/?p=1585"},"modified":"2022-01-20T14:35:43","modified_gmt":"2022-01-20T13:35:43","slug":"une-etudiante-en-tourisme-en-quarantaine-et-mon-stage-alors","status":"publish","type":"post","link":"https:\/\/sites.mm.ehb.be\/trm\/2022\/01\/20\/une-etudiante-en-tourisme-en-quarantaine-et-mon-stage-alors\/","title":{"rendered":"Une \u00e9tudiante en tourisme, en quarantaine. Et mon stage alors?"},"content":{"rendered":"\n<p>Nous sommes fin f\u00e9vrier \u2026 le printemps commence tout doucement \u00e0 s\u2019installer en Belgique mais l\u2019hiver est encore bien pr\u00e9sent. Je regarde les nouvelles du jour sur mon iPhone&nbsp;: \u00ab&nbsp;300 morts en 24 heures dans la ville de Wuhan en Chine&nbsp;\u00bb. Le titre de l\u2019article m\u2019interpelle et j\u2019en parle \u00e0 ma voisine \u00ab&nbsp;tu as vu \u00e7a&nbsp;?&nbsp;\u00bb. On ne savait pas quoi en penser, mais cela ne nous inqui\u00e9tait pas plus que \u00e7a, on ne se doutait pas de ce qui allait se passait quelques semaines plus tard. Le 18 mars, la premi\u00e8re ministre Sophie Wilm\u00e8s annon\u00e7a le confinement en Belgique.&nbsp;<\/p>\n\n\n\n<p>Le 25 mars, je re\u00e7ois un mail comme quoi mon stage pour Aviapartner \u00e0 l\u2019a\u00e9roport international de Bruxelles-Zaventem, avait \u00e9t\u00e9 annul\u00e9. Je suis profond\u00e9ment d\u00e9\u00e7ue, car j\u2019avais une immense h\u00e2te de partir en stage. Je mourrais d\u2019envie de d\u00e9couvrir le monde de l\u2019aviation et de passer mes journ\u00e9es \u00e0 voir des passagers prendre l\u2019avion. Je suis une personne qui a besoin de contact humains, j\u2019adore communiquer avec les autres et d\u2019avantage si cela se passe dans diff\u00e9rentes langues. Mais il me devait d\u2019accepter la situation, cela ne sert \u00e0 rien de s\u2019attrister sur quelque chose qu\u2019on ne sait contr\u00f4ler.&nbsp;<\/p>\n\n\n\n<p>Mon \u00e9cole, Erasmus Hogeschool Brussel a d\u00fb trouv\u00e9 une alternative pour les \u00e9tudiants de deuxi\u00e8me et troisi\u00e8me ann\u00e9e. Et c\u2019est ce qu\u2019ils ont fait&nbsp;! Le 4 mai 2020, j\u2019ai \u00e9t\u00e9 ajout\u00e9e en tant que travailleuse \u00e0 temps plein au TRM Creative Lab. Le but principal&nbsp;?&nbsp;Nous effectuons des recherches pour des organisations centr\u00e9s sur le temps-libre et les loisirs des personnes. Au d\u00e9but, je me suis sentie perdue. J\u2019avais l\u2019impression que je ne savais pas ce que je devais faire et ce qu\u2019on l\u2019attendait de moi. La crise sanitaire a \u00e9norm\u00e9ment affect\u00e9 ma famille et mon mode de vie. J\u2019\u00e9tais perdue. L\u2019\u00e9quipe avec laquelle je travaille au quotidien nous avait donn\u00e9 comme consigne en d\u00e9but de stage, de s\u2019appeler tous les matins \u00e0 10 heures. Cela m\u2019a \u00e9norm\u00e9ment aid\u00e9 de parler avec le reste de l\u2019\u00e9quipe chaque jour pendant 7 semaines. <\/p>\n\n\n\n<p>Petit \u00e0 petit j\u2019ai fait mon nid. Je me suis sentie \u00e0 l\u2019aise au fil des semaines et j\u2019ai ador\u00e9 le travail que j\u2019effectuais au quotidien. J\u2019ai pu r\u00e9aliser des recherches et laisser parler ma cr\u00e9ativit\u00e9 en d\u00e9veloppant des produits touristiques. J\u2019ai pu apporter mon aide et montrer qu\u2019\u00eatre francophone pouvait \u00eatre un avantage. J\u2019ai appris \u00e0 travailler avec un programme que je n\u2019avais encore jamais utilis\u00e9 auparavant, notamment SPSS. Je ne suis pas de nature \u00e0 aimer travailler en groupe, mais je n\u2019ai pas ressenti de mal-\u00eatre \u00e0 travailler en \u00e9quipe pour le Creative Lab. Je vais conclure le r\u00e9cit de mon exp\u00e9rience avec quelques astuces pour mener \u00e0 bien votre stage: prenez des initiatives et osez prendre la parole pour exprimer vos id\u00e9es. N\u2019ayez pas peur d\u2019\u00eatre vous-m\u00eame, prenez du plaisir \u00e0 travailler et faite le avec passion.<\/p>\n","protected":false},"excerpt":{"rendered":"<p>Nous sommes fin f\u00e9vrier \u2026 le printemps commence tout doucement \u00e0 s\u2019installer en Belgique mais l\u2019hiver est encore bien pr\u00e9sent. Je regarde les nouvelles du jour sur mon iPhone : \u00ab 300 morts en 24 heures dans la ville de Wuhan en Chine \u00bb. Le titre de l\u2019article m\u2019interpelle et j\u2019en parle \u00e0 ma voisine \u00ab tu as vu \u00e7a ? \u00bb. On ne savait pas quoi en penser, mais cela ne nous inqui\u00e9tait pas plus que \u00e7a, on ne se doutait pas de ce qui allait se passait quelques semaines plus tard. <\/p>\n","protected":false},"author":547,"featured_media":1586,"comment_status":"open","ping_status":"open","sticky":false,"template":"","format":"standard","meta":{"jetpack_post_was_ever_published":false,"_jetpack_newsletter_access":"","_jetpack_dont_email_post_to_subs":false,"_jetpack_newsletter_tier_id":0,"_jetpack_memberships_contains_paywalled_content":false,"_jetpack_memberships_contains_paid_content":false,"footnotes":"","jetpack_publicize_message":"","jetpack_publicize_feature_enabled":true,"jetpack_social_post_already_shared":true,"jetpack_social_options":{"image_generator_settings":{"template":"highway","default_image_id":0,"font":"","enabled":false},"version":2}},"categories":[9],"tags":[],"class_list":["post-1585","post","type-post","status-publish","format-standard","has-post-thumbnail","hentry","category-stage"],"jetpack_publicize_connections":[],"jetpack_featured_media_url":"https:\/\/sites.mm.ehb.be\/trm\/wp-content\/uploads\/sites\/111\/2020\/06\/Capture-d\u2019\u00e9cran-le-2020-05-29-\u00e0-22.23.37.png","jetpack_sharing_enabled":true,"jetpack_shortlink":"https:\/\/wp.me\/pavQFa-pz","_links":{"self":[{"href":"https:\/\/sites.mm.ehb.be\/trm\/wp-json\/wp\/v2\/posts\/1585","targetHints":{"allow":["GET"]}}],"collection":[{"href":"https:\/\/sites.mm.ehb.be\/trm\/wp-json\/wp\/v2\/posts"}],"about":[{"href":"https:\/\/sites.mm.ehb.be\/trm\/wp-json\/wp\/v2\/types\/post"}],"author":[{"embeddable":true,"href":"https:\/\/sites.mm.ehb.be\/trm\/wp-json\/wp\/v2\/users\/547"}],"replies":[{"embeddable":true,"href":"https:\/\/sites.mm.ehb.be\/trm\/wp-json\/wp\/v2\/comments?post=1585"}],"version-history":[{"count":5,"href":"https:\/\/sites.mm.ehb.be\/trm\/wp-json\/wp\/v2\/posts\/1585\/revisions"}],"predecessor-version":[{"id":1594,"href":"https:\/\/sites.mm.ehb.be\/trm\/wp-json\/wp\/v2\/posts\/1585\/revisions\/1594"}],"wp:featuredmedia":[{"embeddable":true,"href":"https:\/\/sites.mm.ehb.be\/trm\/wp-json\/wp\/v2\/media\/1586"}],"wp:attachment":[{"href":"https:\/\/sites.mm.ehb.be\/trm\/wp-json\/wp\/v2\/media?parent=1585"}],"wp:term":[{"taxonomy":"category","embeddable":true,"href":"https:\/\/sites.mm.ehb.be\/trm\/wp-json\/wp\/v2\/categories?post=1585"},{"taxonomy":"post_tag","embeddable":true,"href":"https:\/\/sites.mm.ehb.be\/trm\/wp-json\/wp\/v2\/tags?post=1585"}],"curies":[{"name":"wp","href":"https:\/\/api.w.org\/{rel}","templated":true}]}}