{"id":968,"date":"2020-05-18T14:25:12","date_gmt":"2020-05-18T14:25:12","guid":{"rendered":"http:\/\/sites.mmm.ehb.be\/bulletin\/?p=968"},"modified":"2020-05-19T14:05:47","modified_gmt":"2020-05-19T14:05:47","slug":"italie-opent-3-juni-de-landgrenzen","status":"publish","type":"post","link":"https:\/\/sites.mm.ehb.be\/bulletin\/2020\/05\/18\/italie-opent-3-juni-de-landgrenzen\/","title":{"rendered":"18 mei: Itali\u00eb opent 3 juni de landsgrenzen"},"content":{"rendered":"\n<p><em>Al meer dan 9 weken is de Belgische lockdown bezig. Waarschijnlijk had niemand zo een drastische maatregelen verwacht. Gelukkig gaat alles geleidelijk aan terug open en kan het normale leven weer langzaam hervatten. Natuurlijk zal niet alles weer naar normaal kunnen gaan zoals de geplande vakanties. Degene die een vakantie gepland hebben naar Itali\u00eb, hebben deze keer wel geluk. <\/em><\/p>\n\n\n\n<div class=\"wp-block-image is-style-default\"><figure class=\"alignright size-large\"><img data-recalc-dims=\"1\" loading=\"lazy\" decoding=\"async\" width=\"333\" height=\"501\" src=\"https:\/\/i0.wp.com\/sites.mmm.ehb.be\/bulletin\/wp-content\/uploads\/sites\/114\/2020\/05\/photo-1516483638261-f4dbaf036963.jpg?resize=333%2C501&#038;ssl=1\" alt=\"\" class=\"wp-image-971\" srcset=\"https:\/\/i0.wp.com\/sites.mm.ehb.be\/bulletin\/wp-content\/uploads\/sites\/114\/2020\/05\/photo-1516483638261-f4dbaf036963.jpg?w=333&amp;ssl=1 333w, https:\/\/i0.wp.com\/sites.mm.ehb.be\/bulletin\/wp-content\/uploads\/sites\/114\/2020\/05\/photo-1516483638261-f4dbaf036963.jpg?resize=199%2C300&amp;ssl=1 199w\" sizes=\"auto, (max-width: 333px) 100vw, 333px\" \/><figcaption>\u00a9 Jack Ward<\/figcaption><\/figure><\/div>\n\n\n\n<p>Itali\u00eb heeft sinds kort een duidelijke datum gezet op de opening van de grenzen voor toeristen. Deze opening zal plaatsvinden op 3 juni. Binnen twee weken ongeveer zijn de reizigers uit EU- en Schengenlanden weer welkom. Opmerkelijk is dat ze geen twee weken quarantaine zullen moeten doorstaan, zoals het nu het geval is.<\/p>\n\n\n\n<p>Itali\u00eb was in het begin van de crisis het zwaarst besmette land van Europa. Er staan zo een 31 600 doden op hun teller. Hun aantal doden en besmettingen per dag daalt systematisch en de lockdown wordt stapsgewijs opgeheven. Itali\u00eb krabbelt dus stilaan terug recht. Ze hopen het toeristische seizoen nog te kunnen redden door hun grenzen binnenkort te kunnen openen. Doordat Itali\u00eb deze actie genomen heeft, zijn nu ook andere Europese landen aan het nadenken wanneer ze hun grenzen kunnen openen.<\/p>\n\n\n\n<h3 class=\"wp-block-heading\">3 juni <\/h3>\n\n\n\n<p>De datum, 3 juni, is door de Italiaanse regering met een decreet beslist. 2 juni is het namelijk de nationale feestdag in Itali\u00eb. De regering wil vermijden dat Italianen tijdens het verlengde weekend massaal naar buiten zullen komen.<\/p>\n\n\n\n<h3 class=\"wp-block-heading\">Andere Europese landen<\/h3>\n\n\n\n<p>In Portugal zijn buitenlandse reizigers welkom vanaf 6 juni. Spanje houdt zijn grenzen voor buitenlandse toeristen nog een tijd gesloten. Nog een maand waarschijnlijk. En ook Frankrijk houdt zijn grenzen gesloten.<\/p>\n\n\n\n<p>Op 16 mei heeft Duitsland zijn grens met Luxemburg en Zwitserland geopend en hoopt binnen een maand weer alle grenzen te kunnen openen.<\/p>\n\n\n\n<p>Of wij, de Belgen, binnenkort naar Itali\u00eb zouden kunnen reizen is een heel grote vraag. Een andere vraag is ook wanneer Belgi\u00eb zijn eigen grenzen terug zal openen. Voorlopig werkt Belgi\u00eb, net zoals Itali\u00eb, aan vele mogelijkheden om het leven terug normaal te kunnen hervatten. Stapsgewijs weliswaar. Iedereen wacht geduldig af.<\/p>\n\n\n\n<p>Journalist: de Jamblinne de Meux, G<br>Taalredacteur: Janssens, A<\/p>\n","protected":false},"excerpt":{"rendered":"<p>Al meer dan 9 weken is de Belgische lockdown bezig. Waarschijnlijk had niemand zo een drastische maatregelen verwacht. Gelukkig gaat alles geleidelijk aan terug open en kan het normale leven weer langzaam hervatten. Natuurlijk zal niet alles weer naar normaal kunnen gaan zoals de geplande vakanties. Degene die een vakantie gepland hebben naar Itali\u00eb, hebben deze keer wel geluk (Trio, 2020).<\/p>\n","protected":false},"author":548,"featured_media":969,"comment_status":"closed","ping_status":"open","sticky":false,"template":"","format":"standard","meta":{"_jetpack_memberships_contains_paid_content":false,"footnotes":""},"categories":[6],"tags":[],"class_list":["post-968","post","type-post","status-publish","format-standard","has-post-thumbnail","hentry","category-news_flash"],"jetpack_featured_media_url":"https:\/\/i0.wp.com\/sites.mm.ehb.be\/bulletin\/wp-content\/uploads\/sites\/114\/2020\/05\/photo-1491900177661-4e1cd2d7cce2.jpg?fit=750%2C500&ssl=1","jetpack_sharing_enabled":true,"_links":{"self":[{"href":"https:\/\/sites.mm.ehb.be\/bulletin\/wp-json\/wp\/v2\/posts\/968","targetHints":{"allow":["GET"]}}],"collection":[{"href":"https:\/\/sites.mm.ehb.be\/bulletin\/wp-json\/wp\/v2\/posts"}],"about":[{"href":"https:\/\/sites.mm.ehb.be\/bulletin\/wp-json\/wp\/v2\/types\/post"}],"author":[{"embeddable":true,"href":"https:\/\/sites.mm.ehb.be\/bulletin\/wp-json\/wp\/v2\/users\/548"}],"replies":[{"embeddable":true,"href":"https:\/\/sites.mm.ehb.be\/bulletin\/wp-json\/wp\/v2\/comments?post=968"}],"version-history":[{"count":5,"href":"https:\/\/sites.mm.ehb.be\/bulletin\/wp-json\/wp\/v2\/posts\/968\/revisions"}],"predecessor-version":[{"id":984,"href":"https:\/\/sites.mm.ehb.be\/bulletin\/wp-json\/wp\/v2\/posts\/968\/revisions\/984"}],"wp:featuredmedia":[{"embeddable":true,"href":"https:\/\/sites.mm.ehb.be\/bulletin\/wp-json\/wp\/v2\/media\/969"}],"wp:attachment":[{"href":"https:\/\/sites.mm.ehb.be\/bulletin\/wp-json\/wp\/v2\/media?parent=968"}],"wp:term":[{"taxonomy":"category","embeddable":true,"href":"https:\/\/sites.mm.ehb.be\/bulletin\/wp-json\/wp\/v2\/categories?post=968"},{"taxonomy":"post_tag","embeddable":true,"href":"https:\/\/sites.mm.ehb.be\/bulletin\/wp-json\/wp\/v2\/tags?post=968"}],"curies":[{"name":"wp","href":"https:\/\/api.w.org\/{rel}","templated":true}]}}