{"id":590,"date":"2020-04-10T13:55:38","date_gmt":"2020-04-10T13:55:38","guid":{"rendered":"http:\/\/sites.mmm.ehb.be\/bulletin\/?p=590"},"modified":"2020-04-10T13:55:41","modified_gmt":"2020-04-10T13:55:41","slug":"covid-19-in-apecchio-italie","status":"publish","type":"post","link":"https:\/\/sites.mm.ehb.be\/bulletin\/2020\/04\/10\/covid-19-in-apecchio-italie\/","title":{"rendered":"COVID-19 in Apecchio, Itali\u00eb"},"content":{"rendered":"\n<p>De coronacrisis heeft heel Europa in zijn greep en in Belgi\u00eb zijn er heel wat maatregelen genomen om de verspreiding van het coronavirus te vermijden. En natuurlijk is dat in Itali\u00eb niet anders. Iedereen weet dat de cijfers in Itali\u00eb schrijnend zijn. Op 10 april \u201920 zijn er 143&nbsp;626 besmettingen en 18&nbsp;279 sterfgevallen vastgesteld. (De morgen, 2020) Maar hoe gaan de mensen ermee om in Itali\u00eb en wat houden de maatregelen juist in? Ik legde een interview af met een familie (moeder en vader met twee zonen) die in Apecchio woont, namelijk in de Italiaanse regio Marche. Het dorp ligt redelijk afgelegen en een grotere stad is minstens een half uur rijden met de auto.&nbsp;<\/p>\n\n\n\n<div class=\"wp-block-image\"><figure class=\"alignright size-medium\"><img data-recalc-dims=\"1\" loading=\"lazy\" decoding=\"async\" width=\"238\" height=\"300\" src=\"https:\/\/i0.wp.com\/sites.mmm.ehb.be\/bulletin\/wp-content\/uploads\/sites\/114\/2020\/04\/italie-238x300.jpg?resize=238%2C300&#038;ssl=1\" alt=\"\" class=\"wp-image-593\" srcset=\"https:\/\/i0.wp.com\/sites.mm.ehb.be\/bulletin\/wp-content\/uploads\/sites\/114\/2020\/04\/italie.jpg?resize=238%2C300&amp;ssl=1 238w, https:\/\/i0.wp.com\/sites.mm.ehb.be\/bulletin\/wp-content\/uploads\/sites\/114\/2020\/04\/italie.jpg?w=476&amp;ssl=1 476w\" sizes=\"auto, (max-width: 238px) 100vw, 238px\" \/><figcaption><em>Bron: E. Gaba, 2009<\/em><\/figcaption><\/figure><\/div>\n\n\n\n<p>Aangezien Itali\u00eb zoveel besmettingen telt, zou het best kunnen dat er besmette personen in de familie zelf zijn of binnen de dichte vriendengroep. Maar gelukkig is dat niet het geval. \u201cTot nog toe is er niemand besmet in onze familie of in onze hechte vriendengroep maar we zijn ons er wel van bewust dat het ooit kan gebeuren aangezien het aantal besmettingen in Itali\u00eb zo hoog ligt\u201d.&nbsp;<\/p>\n\n\n\n<p>In Belgi\u00eb werken heel veel mensen van thuis uit en dat is in Itali\u00eb niet anders. De moeder werkt normaal gezien in een bankinstelling en dat werk verricht ze nu dus thuis. \u201cIk vind het verschrikkelijk wat er allemaal aan hand is maar thuis werken heeft ook zijn voordelen. Zo verlies ik geen tijd meer om naar mijn werk te rijden wat dagelijks toch meer dan een uur in beslag neemt.\u201d De vader van het gezin heeft dan weer een krantenwinkel in het dorpscentrum waar hij ook enkele voedingswaren verkoopt waardoor zijn winkel geopend mag blijven en hij dus kan blijven werken. \u201cIk heb het geluk dat ik mag open blijven en het is eigenlijk zelfs vrij druk in mijn winkel. Een grote supermarkt is natuurlijk al een half uur rijden.\u201d&nbsp;<\/p>\n\n\n\n<p>Verder mogen ze wel nog zo vaak naar de supermarkt als ze willen maar ze proberen zulke bezoekjes te minimaliseren. \u201cHet is uiteraard belangrijk om zo weinig mogelijk die verplaatsing te maken om zo een eventuele besmetting van het coronavirus te vermijden\u201d.&nbsp;<\/p>\n\n\n\n<p>Ik vroeg hun ook of ze schrik hebben en of ze al (financi\u00eble) gevolgen voelen. Ze lijken er vooral optimistisch mee om te gaan. \u201cHet heeft geen zin om bang te zijn maar anderzijds kunnen we natuurlijk niet voorzichtig genoeg zijn. En of we al gevolgen voelen? Niet echt omdat we natuurlijk het geluk hebben dat we beiden werk hebben.\u201d<\/p>\n\n\n\n<p>De strijd tegen het coronavirus gaat dus ook in Apecchio, maar vooral in heel Itali\u00eb, nog steeds bitterhard door met nog steeds enorm veel sterfgevallen. De familie Mancioli zijn blij dat ze nog steeds kunnen werken, maar daarbovenop blijven ze optimistisch!&nbsp;<\/p>\n\n\n\n<p><em>Geschreven door E. De Ryck<\/em><\/p>\n","protected":false},"excerpt":{"rendered":"<p>De coronacrisis heeft heel Europa in zijn greep en in Belgi\u00eb zijn er heel wat maatregelen genomen om de verspreiding van het coronavirus te vermijden. En natuurlijk is dat in Itali\u00eb niet anders. Iedereen weet dat de cijfers in Itali\u00eb schrijnend zijn. Op 10 april \u201920 zijn er 143&nbsp;626 besmettingen en 18&nbsp;279 sterfgevallen vastgesteld. (De [&hellip;]<\/p>\n","protected":false},"author":651,"featured_media":592,"comment_status":"closed","ping_status":"open","sticky":false,"template":"","format":"standard","meta":{"_jetpack_memberships_contains_paid_content":false,"footnotes":""},"categories":[4],"tags":[],"class_list":["post-590","post","type-post","status-publish","format-standard","has-post-thumbnail","hentry","category-blog"],"jetpack_featured_media_url":"https:\/\/i0.wp.com\/sites.mm.ehb.be\/bulletin\/wp-content\/uploads\/sites\/114\/2020\/04\/apecchio.jpg?fit=1923%2C1061&ssl=1","jetpack_sharing_enabled":true,"_links":{"self":[{"href":"https:\/\/sites.mm.ehb.be\/bulletin\/wp-json\/wp\/v2\/posts\/590","targetHints":{"allow":["GET"]}}],"collection":[{"href":"https:\/\/sites.mm.ehb.be\/bulletin\/wp-json\/wp\/v2\/posts"}],"about":[{"href":"https:\/\/sites.mm.ehb.be\/bulletin\/wp-json\/wp\/v2\/types\/post"}],"author":[{"embeddable":true,"href":"https:\/\/sites.mm.ehb.be\/bulletin\/wp-json\/wp\/v2\/users\/651"}],"replies":[{"embeddable":true,"href":"https:\/\/sites.mm.ehb.be\/bulletin\/wp-json\/wp\/v2\/comments?post=590"}],"version-history":[{"count":1,"href":"https:\/\/sites.mm.ehb.be\/bulletin\/wp-json\/wp\/v2\/posts\/590\/revisions"}],"predecessor-version":[{"id":594,"href":"https:\/\/sites.mm.ehb.be\/bulletin\/wp-json\/wp\/v2\/posts\/590\/revisions\/594"}],"wp:featuredmedia":[{"embeddable":true,"href":"https:\/\/sites.mm.ehb.be\/bulletin\/wp-json\/wp\/v2\/media\/592"}],"wp:attachment":[{"href":"https:\/\/sites.mm.ehb.be\/bulletin\/wp-json\/wp\/v2\/media?parent=590"}],"wp:term":[{"taxonomy":"category","embeddable":true,"href":"https:\/\/sites.mm.ehb.be\/bulletin\/wp-json\/wp\/v2\/categories?post=590"},{"taxonomy":"post_tag","embeddable":true,"href":"https:\/\/sites.mm.ehb.be\/bulletin\/wp-json\/wp\/v2\/tags?post=590"}],"curies":[{"name":"wp","href":"https:\/\/api.w.org\/{rel}","templated":true}]}}