{"id":1165,"date":"2020-06-02T18:10:30","date_gmt":"2020-06-02T18:10:30","guid":{"rendered":"http:\/\/sites.mmm.ehb.be\/bulletin\/?p=1165"},"modified":"2020-06-02T18:10:31","modified_gmt":"2020-06-02T18:10:31","slug":"studio-cultuur","status":"publish","type":"post","link":"https:\/\/sites.mm.ehb.be\/bulletin\/2020\/06\/02\/studio-cultuur\/","title":{"rendered":"Studio cultuur"},"content":{"rendered":"\n<p><em>Mijn dagen bestaan uit het overzien van het reilen en zeilen in het hostel. Ik spring bij waar nodig en \u2018s avonds escorteer ik de gasten naar een club of caf\u00e9 of begeleid ik de groep op een pubcrawl doorheen de straten van de hipste buurt van Madrid. Drank is gratis voor de hostel equipe. Life is good. Ik sluit mijn ogen en adem de zuiderse avondlucht diep in. Langzaam open ik mijn ogen, FUCK! Ik zucht diep terwijl de realiteit komt aankloppen bij mijn prefrontale cortex. De middagzon werpt zijn stralen door de gaten in de jute zakken die voor mijn keldergat-raam hangen. Terwijl de imaginaire, Spaanse avondlucht in mijn longen wordt vervangen door de vochtige Brusselse kelderdamp, zet ik een stevige kop koffie om mijn gedachten te verzetten. Goeiemorgen quarantaine, goeiemorgen Brussel. Wat staat er vandaag op de agenda?<\/em><\/p>\n\n\n\n<figure class=\"wp-block-image size-large is-resized\"><img data-recalc-dims=\"1\" loading=\"lazy\" decoding=\"async\" src=\"https:\/\/i0.wp.com\/sites.mmm.ehb.be\/bulletin\/wp-content\/uploads\/sites\/114\/2020\/06\/Studio-cultuur-1024x768.jpg?resize=479%2C359\" alt=\"\" class=\"wp-image-1168\" width=\"479\" height=\"359\" srcset=\"https:\/\/i0.wp.com\/sites.mm.ehb.be\/bulletin\/wp-content\/uploads\/sites\/114\/2020\/06\/Studio-cultuur.jpg?resize=1024%2C768&amp;ssl=1 1024w, https:\/\/i0.wp.com\/sites.mm.ehb.be\/bulletin\/wp-content\/uploads\/sites\/114\/2020\/06\/Studio-cultuur.jpg?resize=300%2C225&amp;ssl=1 300w, https:\/\/i0.wp.com\/sites.mm.ehb.be\/bulletin\/wp-content\/uploads\/sites\/114\/2020\/06\/Studio-cultuur.jpg?resize=768%2C576&amp;ssl=1 768w, https:\/\/i0.wp.com\/sites.mm.ehb.be\/bulletin\/wp-content\/uploads\/sites\/114\/2020\/06\/Studio-cultuur.jpg?resize=1536%2C1152&amp;ssl=1 1536w, https:\/\/i0.wp.com\/sites.mm.ehb.be\/bulletin\/wp-content\/uploads\/sites\/114\/2020\/06\/Studio-cultuur.jpg?resize=600%2C450&amp;ssl=1 600w, https:\/\/i0.wp.com\/sites.mm.ehb.be\/bulletin\/wp-content\/uploads\/sites\/114\/2020\/06\/Studio-cultuur.jpg?w=2048&amp;ssl=1 2048w\" sizes=\"auto, (max-width: 479px) 100vw, 479px\" \/><figcaption>Bron: David Deweerdt<\/figcaption><\/figure>\n\n\n\n<p>Mijn stage in Madrid werd afgelast, logisch. In de plaats daarvan hebben we met de 2e en 3e-jaars TRM een persbureau opgericht om de Brusselse culturele sector te helpen waar we kunnen. Onze doelstellingen werden ingedeeld per thema, ikzelf zit in de cultuurhub, meer specifiek bij de equipe van \u2018Nightlife\u2019. Wij gaan op zoek naar de stemmen van de actoren uit de Brusselse nightlife scene. We interviewen de entrepreneurs, artiesten, en actoren die onze avonden voorzien van entertainment, plezier en onvergetelijke momenten. Als creatieveling heb ik reeds hier en daar al wat ervaring kunnen opdoen in de evenementensector door ge\u00ebngageerd te zijn bij verschillende verenigingen. Daarom vond ik het een interessante opportuniteit om enkele Brusselse ondernemers aan de tand te voelen en tegelijkertijd voor mezelf lessen te kunnen trekken uit hun antwoorden. Ik interviewde reeds Lefto , San Soda, Steven Delannoye, Koen Galle, Jay MNG, en heb nog meetings gepland met Kiosk Radio, Crevette Records en La Jer\u00f4me.<\/p>\n\n\n\n<p>Als er iets is dat ik meeneem uit deze conversaties, dan is het wel pure motivatie om zelf iets te ondernemen. Stuk voor stuk zijn deze mensen bezig met hun eigen ding te doen, en ik zou beter zeggen \u2018een hele resem aan dingen\u2019 want geen van hen valt te beschrijven onder \u00e9\u00e9n term als \u2018dj\u2019, \u2018labelbaas\u2019 of \u2018uitbater van\u2026\u2019, het zijn allemaal \u2018zelfstandigen\u2019 die onder meer dj, producer, labelbaas, event-organiser, zanger, schrijver,&#8230; noem maar op zijn. Zelf jonge muzikant zijnde, haal ik enorm veel energie, motivatie en inspiratie uit deze mensen. In hun activiteiten verschillen ze als dag en nacht van elkaar, maar wat hen drijft is identiek. Passie voor wat ze doen en liefde voor muziek.<\/p>\n\n\n\n<p>Als jonge student twijfelde ik altijd aan mijn keuzes, elke dag vroeg ik me af of ik wel op mijn plek zat wanneer ik een les niet interessant vond of iets mij tegen stak. Die twijfels zijn nu vervlogen, ik besef nu dat mijn diploma slechts \u00e9\u00e9n stap is op het speelbord en niet defini\u00ebrend is voor mijn route. Ik wil veel verschillende dingen doen, ondernemen in de toeristische sector is daar een van, maar lang niet alles. Het is voor mij onmogelijk al mijn honger naar informatie en kennis te stillen met een specifieke studierichting. Toen ik begon met studeren nam ik het de school kwalijk dat deze honger niet verzadigd werd, maar uiteindelijk leerde ik de balans vinden tussen schoolwerk en andere doelen nastreven. En was slechts een pandemie nodig om tot dit besef te komen.<\/p>\n\n\n\n<h2 class=\"wp-block-heading\"><\/h2>\n\n\n\n<h2 class=\"wp-block-heading\"><\/h2>\n\n\n\n<p><\/p>\n\n\n\n<p><\/p>\n\n\n\n<p>-David Deweerdt<\/p>\n","protected":false},"excerpt":{"rendered":"<p>Mijn dagen bestaan uit het overzien van het reilen en zeilen in het hostel. Ik spring bij waar nodig en \u2018s avonds escorteer ik de gasten naar een club of caf\u00e9 of begeleid ik de groep op een pubcrawl doorheen de straten van de hipste buurt van Madrid. Drank is gratis voor de hostel equipe. Life is good. Ik sluit mijn ogen en adem de zuiderse avondlucht diep in. Langzaam open ik mijn ogen, FUCK! Ik zucht diep terwijl de realiteit komt aankloppen bij mijn prefrontale cortex. De middagzon werpt zijn stralen door de gaten in de jute zakken die voor mijn keldergat-raam hangen. Terwijl de imaginaire, Spaanse avondlucht in mijn longen wordt vervangen door de vochtige Brusselse kelderdamp, zet ik een stevige kop koffie om mijn gedachten te verzetten. Goeiemorgen quarantaine, goeiemorgen Brussel. Wat staat er vandaag op de agenda?<\/p>\n","protected":false},"author":663,"featured_media":1167,"comment_status":"closed","ping_status":"open","sticky":false,"template":"","format":"standard","meta":{"_jetpack_memberships_contains_paid_content":false,"footnotes":""},"categories":[7],"tags":[],"class_list":["post-1165","post","type-post","status-publish","format-standard","has-post-thumbnail","hentry","category-testimonials"],"jetpack_featured_media_url":"https:\/\/i0.wp.com\/sites.mm.ehb.be\/bulletin\/wp-content\/uploads\/sites\/114\/2020\/06\/Spain.jpg?fit=1024%2C683&ssl=1","jetpack_sharing_enabled":true,"_links":{"self":[{"href":"https:\/\/sites.mm.ehb.be\/bulletin\/wp-json\/wp\/v2\/posts\/1165","targetHints":{"allow":["GET"]}}],"collection":[{"href":"https:\/\/sites.mm.ehb.be\/bulletin\/wp-json\/wp\/v2\/posts"}],"about":[{"href":"https:\/\/sites.mm.ehb.be\/bulletin\/wp-json\/wp\/v2\/types\/post"}],"author":[{"embeddable":true,"href":"https:\/\/sites.mm.ehb.be\/bulletin\/wp-json\/wp\/v2\/users\/663"}],"replies":[{"embeddable":true,"href":"https:\/\/sites.mm.ehb.be\/bulletin\/wp-json\/wp\/v2\/comments?post=1165"}],"version-history":[{"count":5,"href":"https:\/\/sites.mm.ehb.be\/bulletin\/wp-json\/wp\/v2\/posts\/1165\/revisions"}],"predecessor-version":[{"id":1172,"href":"https:\/\/sites.mm.ehb.be\/bulletin\/wp-json\/wp\/v2\/posts\/1165\/revisions\/1172"}],"wp:featuredmedia":[{"embeddable":true,"href":"https:\/\/sites.mm.ehb.be\/bulletin\/wp-json\/wp\/v2\/media\/1167"}],"wp:attachment":[{"href":"https:\/\/sites.mm.ehb.be\/bulletin\/wp-json\/wp\/v2\/media?parent=1165"}],"wp:term":[{"taxonomy":"category","embeddable":true,"href":"https:\/\/sites.mm.ehb.be\/bulletin\/wp-json\/wp\/v2\/categories?post=1165"},{"taxonomy":"post_tag","embeddable":true,"href":"https:\/\/sites.mm.ehb.be\/bulletin\/wp-json\/wp\/v2\/tags?post=1165"}],"curies":[{"name":"wp","href":"https:\/\/api.w.org\/{rel}","templated":true}]}}